{"id":7663,"date":"2019-09-09T08:17:26","date_gmt":"2019-09-09T07:17:26","guid":{"rendered":"http:\/\/www.gonzaloanaya.com\/es\/2019\/09\/09\/comencem-curs-2019-2020-reptes-leducacio-publica-valenciana\/"},"modified":"2019-09-09T08:24:54","modified_gmt":"2019-09-09T07:24:54","slug":"comencem-curs-2019-2020-reptes-leducacio-publica-valenciana","status":"publish","type":"post","link":"https:\/\/www.gonzaloanaya.com\/es\/2019\/09\/09\/comencem-curs-2019-2020-reptes-leducacio-publica-valenciana\/","title":{"rendered":"Comencem el curs 2019-2020 amb reptes per a l&#8217;educaci\u00f3 p\u00fablica valenciana"},"content":{"rendered":"<p>La Confederaci\u00f3 Gonzalo Anaya -integrada per FAMPA Penyagolosa Castell\u00f3, FAMPA-VAl\u00e8ncia i FAMPA Enric Valor Alacant-,\u00a0representa a 1120 associacions de mares i pares\u00a0d\u2019alumnes dels centres educatius p\u00fablics.<br \/>\nL\u2019objectiu de la nostra organitzaci\u00f3 \u00e9s aconseguir una educaci\u00f3\u00a0p\u00fablica de qualitat a l\u2019abast de totes les fam\u00edlies. Al nostre\u00a0territori hem avan\u00e7at, en els \u00faltims anys, en la millora del sistema\u00a0p\u00fablic d\u2019ensenyament per\u00f2 encara hi ha moltes defici\u00e8ncies\u00a0per resoldre i molts aspectes que ens agradaria\u00a0transformar en col\u00b7laboraci\u00f3 amb la resta dels agents de la comunitat\u00a0educativa.<br \/>\n\u00c9s, per aix\u00f2, que hem anomenat<a href=\"http:\/\/www.gonzaloanaya.com\/wp-content\/uploads\/2019\/09\/dossier_reptescurs09092019.pdf\"> al dossier del curs 2019-2020, \u201cReptes per a l\u2019educaci\u00f3 p\u00fablica\u201d<\/a>; una mena de recull\u00a0de temes generals, amb propostes concretes que entenem, com a fam\u00edlies, que contribuirien a millorar tant<br \/>\nl\u2019ensenyament p\u00fablic com el dia a dia a les aules.<br \/>\nSom conscients que algunes propostes depenen de noves lleis\u00a0educatives,\u00a0 tant de l&#8217;Estat com del govern auton\u00f2mic per\u00f2,\u00a0 d\u2019altres, s\u00f3n perfectament assumibles pel govern auton\u00f2mic.<br \/>\nAmb l\u2019\u00e0nim de ser constructives i proactives, aportem la nostra\u00a0visi\u00f3 dels temes que ens preocupen perqu\u00e8, d\u2019entre totes i\u00a0tots, cerquem les vies per aconseguir els reptes per a l\u2019educaci\u00f3\u00a0p\u00fablica valenciana.<\/p>\n","protected":false},"excerpt":{"rendered":"<p>La Confederaci\u00f3 Gonzalo Anaya -integrada per FAMPA Penyagolosa Castell\u00f3, FAMPA-VAl\u00e8ncia i FAMPA Enric Valor Alacant-,\u00a0representa a 1120 associacions de mares i pares\u00a0d\u2019alumnes dels centres educatius p\u00fablics. L\u2019objectiu de la nostra organitzaci\u00f3 \u00e9s aconseguir una educaci\u00f3\u00a0p\u00fablica de qualitat a l\u2019abast de totes les fam\u00edlies. Al nostre\u00a0territori hem avan\u00e7at, en els \u00faltims anys, en la millora del sistema\u00a0p\u00fablic d\u2019ensenyament per\u00f2 encara hi ha moltes defici\u00e8ncies\u00a0per resoldre i molts aspectes que ens agradaria\u00a0transformar en col\u00b7laboraci\u00f3 amb la resta dels agents de la comunitat\u00a0educativa. \u00c9s, per aix\u00f2, que hem anomenat al dossier del curs 2019-2020, \u201cReptes per a l\u2019educaci\u00f3 p\u00fablica\u201d; una mena de recull\u00a0de temes generals, amb propostes concretes que entenem, com a fam\u00edlies, que contribuirien a millorar tant l\u2019ensenyament p\u00fablic com el dia a dia a les aules. Som conscients que algunes propostes depenen de noves lleis\u00a0educatives,\u00a0 tant de l&#8217;Estat com del govern auton\u00f2mic per\u00f2,\u00a0 d\u2019altres, s\u00f3n perfectament assumibles pel govern auton\u00f2mic. Amb l\u2019\u00e0nim de ser constructives i proactives, aportem la nostra\u00a0visi\u00f3 dels temes que ens preocupen perqu\u00e8, d\u2019entre totes i\u00a0tots, cerquem les vies per aconseguir els reptes per a l\u2019educaci\u00f3\u00a0p\u00fablica valenciana.<\/p>\n","protected":false},"author":5,"featured_media":7656,"comment_status":"closed","ping_status":"closed","sticky":false,"template":"","format":"standard","meta":[],"categories":[100,101,77,117,95,96,115,54],"tags":[62,80,121,105,122,66],"yoast_head":"<!-- This site is optimized with the Yoast SEO plugin v19.2 - https:\/\/yoast.com\/wordpress\/plugins\/seo\/ -->\n<title>Comencem el curs 2019-2020 amb reptes per a l&#039;educaci\u00f3 p\u00fablica valenciana | Gonzalo Anaya<\/title>\n<meta name=\"robots\" content=\"index, follow, max-snippet:-1, max-image-preview:large, max-video-preview:-1\" \/>\n<link rel=\"canonical\" href=\"https:\/\/www.gonzaloanaya.com\/es\/2019\/09\/09\/comencem-curs-2019-2020-reptes-leducacio-publica-valenciana\/\" \/>\n<meta property=\"og:locale\" content=\"es_ES\" \/>\n<meta property=\"og:type\" content=\"article\" \/>\n<meta property=\"og:title\" content=\"Comencem el curs 2019-2020 amb reptes per a l&#039;educaci\u00f3 p\u00fablica valenciana | Gonzalo Anaya\" \/>\n<meta property=\"og:description\" content=\"La Confederaci\u00f3 Gonzalo Anaya -integrada per FAMPA Penyagolosa Castell\u00f3, FAMPA-VAl\u00e8ncia i FAMPA Enric Valor Alacant-,\u00a0representa a 1120 associacions de mares i pares\u00a0d\u2019alumnes dels centres educatius p\u00fablics. L\u2019objectiu de la nostra organitzaci\u00f3 \u00e9s aconseguir una educaci\u00f3\u00a0p\u00fablica de qualitat a l\u2019abast de totes les fam\u00edlies. Al nostre\u00a0territori hem avan\u00e7at, en els \u00faltims anys, en la millora del sistema\u00a0p\u00fablic d\u2019ensenyament per\u00f2 encara hi ha moltes defici\u00e8ncies\u00a0per resoldre i molts aspectes que ens agradaria\u00a0transformar en col\u00b7laboraci\u00f3 amb la resta dels agents de la comunitat\u00a0educativa. \u00c9s, per aix\u00f2, que hem anomenat al dossier del curs 2019-2020, \u201cReptes per a l\u2019educaci\u00f3 p\u00fablica\u201d; una mena de recull\u00a0de temes generals, amb propostes concretes que entenem, com a fam\u00edlies, que contribuirien a millorar tant l\u2019ensenyament p\u00fablic com el dia a dia a les aules. Som conscients que algunes propostes depenen de noves lleis\u00a0educatives,\u00a0 tant de l&#8217;Estat com del govern auton\u00f2mic per\u00f2,\u00a0 d\u2019altres, s\u00f3n perfectament assumibles pel govern auton\u00f2mic. Amb l\u2019\u00e0nim de ser constructives i proactives, aportem la nostra\u00a0visi\u00f3 dels temes que ens preocupen perqu\u00e8, d\u2019entre totes i\u00a0tots, cerquem les vies per aconseguir els reptes per a l\u2019educaci\u00f3\u00a0p\u00fablica valenciana.\" \/>\n<meta property=\"og:url\" content=\"https:\/\/www.gonzaloanaya.com\/es\/2019\/09\/09\/comencem-curs-2019-2020-reptes-leducacio-publica-valenciana\/\" \/>\n<meta property=\"og:site_name\" content=\"Gonzalo Anaya\" \/>\n<meta property=\"article:publisher\" content=\"https:\/\/www.facebook.com\/confederacio.gonzaloanaya\" \/>\n<meta property=\"article:published_time\" content=\"2019-09-09T07:17:26+00:00\" \/>\n<meta property=\"article:modified_time\" content=\"2019-09-09T07:24:54+00:00\" \/>\n<meta property=\"og:image\" content=\"https:\/\/www.gonzaloanaya.com\/wp-content\/uploads\/2019\/09\/0-3.png\" \/>\n\t<meta property=\"og:image:width\" content=\"797\" \/>\n\t<meta property=\"og:image:height\" content=\"670\" \/>\n\t<meta property=\"og:image:type\" content=\"image\/png\" \/>\n<meta name=\"author\" content=\"Gonzalo Anaya\" \/>\n<meta name=\"twitter:card\" content=\"summary\" \/>\n<meta name=\"twitter:label1\" content=\"Escrito por\" \/>\n\t<meta name=\"twitter:data1\" content=\"Gonzalo Anaya\" \/>\n\t<meta name=\"twitter:label2\" content=\"Tiempo de lectura\" \/>\n\t<meta name=\"twitter:data2\" content=\"1 minuto\" \/>\n<script type=\"application\/ld+json\" class=\"yoast-schema-graph\">{\"@context\":\"https:\/\/schema.org\",\"@graph\":[{\"@type\":\"WebSite\",\"@id\":\"https:\/\/www.gonzaloanaya.com\/es\/#website\",\"url\":\"https:\/\/www.gonzaloanaya.com\/es\/\",\"name\":\"Gonzalo Anaya\",\"description\":\"Confederaci\u00f3n de Asociaciones de Padres y Madres de Alumnos de la Comunidad Valenciana \\\"Gonzalo Anaya\\\" \",\"potentialAction\":[{\"@type\":\"SearchAction\",\"target\":{\"@type\":\"EntryPoint\",\"urlTemplate\":\"https:\/\/www.gonzaloanaya.com\/es\/?s={search_term_string}\"},\"query-input\":\"required name=search_term_string\"}],\"inLanguage\":\"es\"},{\"@type\":\"ImageObject\",\"inLanguage\":\"es\",\"@id\":\"https:\/\/www.gonzaloanaya.com\/es\/2019\/09\/09\/comencem-curs-2019-2020-reptes-leducacio-publica-valenciana\/#primaryimage\",\"url\":\"https:\/\/www.gonzaloanaya.com\/wp-content\/uploads\/2019\/09\/0-3.png\",\"contentUrl\":\"https:\/\/www.gonzaloanaya.com\/wp-content\/uploads\/2019\/09\/0-3.png\",\"width\":797,\"height\":670},{\"@type\":\"WebPage\",\"@id\":\"https:\/\/www.gonzaloanaya.com\/es\/2019\/09\/09\/comencem-curs-2019-2020-reptes-leducacio-publica-valenciana\/#webpage\",\"url\":\"https:\/\/www.gonzaloanaya.com\/es\/2019\/09\/09\/comencem-curs-2019-2020-reptes-leducacio-publica-valenciana\/\",\"name\":\"Comencem el curs 2019-2020 amb reptes per a l'educaci\u00f3 p\u00fablica valenciana | Gonzalo Anaya\",\"isPartOf\":{\"@id\":\"https:\/\/www.gonzaloanaya.com\/es\/#website\"},\"primaryImageOfPage\":{\"@id\":\"https:\/\/www.gonzaloanaya.com\/es\/2019\/09\/09\/comencem-curs-2019-2020-reptes-leducacio-publica-valenciana\/#primaryimage\"},\"datePublished\":\"2019-09-09T07:17:26+00:00\",\"dateModified\":\"2019-09-09T07:24:54+00:00\",\"author\":{\"@id\":\"https:\/\/www.gonzaloanaya.com\/es\/#\/schema\/person\/d8c15b9dc3faa865aedb2546bd9f80b8\"},\"breadcrumb\":{\"@id\":\"https:\/\/www.gonzaloanaya.com\/es\/2019\/09\/09\/comencem-curs-2019-2020-reptes-leducacio-publica-valenciana\/#breadcrumb\"},\"inLanguage\":\"es\",\"potentialAction\":[{\"@type\":\"ReadAction\",\"target\":[\"https:\/\/www.gonzaloanaya.com\/es\/2019\/09\/09\/comencem-curs-2019-2020-reptes-leducacio-publica-valenciana\/\"]}]},{\"@type\":\"BreadcrumbList\",\"@id\":\"https:\/\/www.gonzaloanaya.com\/es\/2019\/09\/09\/comencem-curs-2019-2020-reptes-leducacio-publica-valenciana\/#breadcrumb\",\"itemListElement\":[{\"@type\":\"ListItem\",\"position\":1,\"name\":\"Inici\",\"item\":\"https:\/\/www.gonzaloanaya.com\/es\/\"},{\"@type\":\"ListItem\",\"position\":2,\"name\":\"Comencem el curs 2019-2020 amb reptes per a l&#8217;educaci\u00f3 p\u00fablica valenciana\"}]},{\"@type\":\"Person\",\"@id\":\"https:\/\/www.gonzaloanaya.com\/es\/#\/schema\/person\/d8c15b9dc3faa865aedb2546bd9f80b8\",\"name\":\"Gonzalo Anaya\",\"image\":{\"@type\":\"ImageObject\",\"inLanguage\":\"es\",\"@id\":\"https:\/\/www.gonzaloanaya.com\/es\/#\/schema\/person\/image\/\",\"url\":\"https:\/\/secure.gravatar.com\/avatar\/f76811ed77bbc23341618522f4177145?s=96&d=mm&r=g\",\"contentUrl\":\"https:\/\/secure.gravatar.com\/avatar\/f76811ed77bbc23341618522f4177145?s=96&d=mm&r=g\",\"caption\":\"Gonzalo Anaya\"},\"sameAs\":[\"http:\/\/www.gonzaloanaya.com\"],\"url\":\"https:\/\/www.gonzaloanaya.com\/es\/author\/gonzalo-anaya\/\"}]}<\/script>\n<!-- \/ Yoast SEO plugin. -->","yoast_head_json":{"title":"Comencem el curs 2019-2020 amb reptes per a l'educaci\u00f3 p\u00fablica valenciana | Gonzalo Anaya","robots":{"index":"index","follow":"follow","max-snippet":"max-snippet:-1","max-image-preview":"max-image-preview:large","max-video-preview":"max-video-preview:-1"},"canonical":"https:\/\/www.gonzaloanaya.com\/es\/2019\/09\/09\/comencem-curs-2019-2020-reptes-leducacio-publica-valenciana\/","og_locale":"es_ES","og_type":"article","og_title":"Comencem el curs 2019-2020 amb reptes per a l'educaci\u00f3 p\u00fablica valenciana | Gonzalo Anaya","og_description":"La Confederaci\u00f3 Gonzalo Anaya -integrada per FAMPA Penyagolosa Castell\u00f3, FAMPA-VAl\u00e8ncia i FAMPA Enric Valor Alacant-,\u00a0representa a 1120 associacions de mares i pares\u00a0d\u2019alumnes dels centres educatius p\u00fablics. L\u2019objectiu de la nostra organitzaci\u00f3 \u00e9s aconseguir una educaci\u00f3\u00a0p\u00fablica de qualitat a l\u2019abast de totes les fam\u00edlies. Al nostre\u00a0territori hem avan\u00e7at, en els \u00faltims anys, en la millora del sistema\u00a0p\u00fablic d\u2019ensenyament per\u00f2 encara hi ha moltes defici\u00e8ncies\u00a0per resoldre i molts aspectes que ens agradaria\u00a0transformar en col\u00b7laboraci\u00f3 amb la resta dels agents de la comunitat\u00a0educativa. \u00c9s, per aix\u00f2, que hem anomenat al dossier del curs 2019-2020, \u201cReptes per a l\u2019educaci\u00f3 p\u00fablica\u201d; una mena de recull\u00a0de temes generals, amb propostes concretes que entenem, com a fam\u00edlies, que contribuirien a millorar tant l\u2019ensenyament p\u00fablic com el dia a dia a les aules. Som conscients que algunes propostes depenen de noves lleis\u00a0educatives,\u00a0 tant de l&#8217;Estat com del govern auton\u00f2mic per\u00f2,\u00a0 d\u2019altres, s\u00f3n perfectament assumibles pel govern auton\u00f2mic. Amb l\u2019\u00e0nim de ser constructives i proactives, aportem la nostra\u00a0visi\u00f3 dels temes que ens preocupen perqu\u00e8, d\u2019entre totes i\u00a0tots, cerquem les vies per aconseguir els reptes per a l\u2019educaci\u00f3\u00a0p\u00fablica valenciana.","og_url":"https:\/\/www.gonzaloanaya.com\/es\/2019\/09\/09\/comencem-curs-2019-2020-reptes-leducacio-publica-valenciana\/","og_site_name":"Gonzalo Anaya","article_publisher":"https:\/\/www.facebook.com\/confederacio.gonzaloanaya","article_published_time":"2019-09-09T07:17:26+00:00","article_modified_time":"2019-09-09T07:24:54+00:00","og_image":[{"width":797,"height":670,"url":"https:\/\/www.gonzaloanaya.com\/wp-content\/uploads\/2019\/09\/0-3.png","type":"image\/png"}],"author":"Gonzalo Anaya","twitter_card":"summary","twitter_misc":{"Escrito por":"Gonzalo Anaya","Tiempo de lectura":"1 minuto"},"schema":{"@context":"https:\/\/schema.org","@graph":[{"@type":"WebSite","@id":"https:\/\/www.gonzaloanaya.com\/es\/#website","url":"https:\/\/www.gonzaloanaya.com\/es\/","name":"Gonzalo Anaya","description":"Confederaci\u00f3n de Asociaciones de Padres y Madres de Alumnos de la Comunidad Valenciana \"Gonzalo Anaya\" ","potentialAction":[{"@type":"SearchAction","target":{"@type":"EntryPoint","urlTemplate":"https:\/\/www.gonzaloanaya.com\/es\/?s={search_term_string}"},"query-input":"required name=search_term_string"}],"inLanguage":"es"},{"@type":"ImageObject","inLanguage":"es","@id":"https:\/\/www.gonzaloanaya.com\/es\/2019\/09\/09\/comencem-curs-2019-2020-reptes-leducacio-publica-valenciana\/#primaryimage","url":"https:\/\/www.gonzaloanaya.com\/wp-content\/uploads\/2019\/09\/0-3.png","contentUrl":"https:\/\/www.gonzaloanaya.com\/wp-content\/uploads\/2019\/09\/0-3.png","width":797,"height":670},{"@type":"WebPage","@id":"https:\/\/www.gonzaloanaya.com\/es\/2019\/09\/09\/comencem-curs-2019-2020-reptes-leducacio-publica-valenciana\/#webpage","url":"https:\/\/www.gonzaloanaya.com\/es\/2019\/09\/09\/comencem-curs-2019-2020-reptes-leducacio-publica-valenciana\/","name":"Comencem el curs 2019-2020 amb reptes per a l'educaci\u00f3 p\u00fablica valenciana | Gonzalo Anaya","isPartOf":{"@id":"https:\/\/www.gonzaloanaya.com\/es\/#website"},"primaryImageOfPage":{"@id":"https:\/\/www.gonzaloanaya.com\/es\/2019\/09\/09\/comencem-curs-2019-2020-reptes-leducacio-publica-valenciana\/#primaryimage"},"datePublished":"2019-09-09T07:17:26+00:00","dateModified":"2019-09-09T07:24:54+00:00","author":{"@id":"https:\/\/www.gonzaloanaya.com\/es\/#\/schema\/person\/d8c15b9dc3faa865aedb2546bd9f80b8"},"breadcrumb":{"@id":"https:\/\/www.gonzaloanaya.com\/es\/2019\/09\/09\/comencem-curs-2019-2020-reptes-leducacio-publica-valenciana\/#breadcrumb"},"inLanguage":"es","potentialAction":[{"@type":"ReadAction","target":["https:\/\/www.gonzaloanaya.com\/es\/2019\/09\/09\/comencem-curs-2019-2020-reptes-leducacio-publica-valenciana\/"]}]},{"@type":"BreadcrumbList","@id":"https:\/\/www.gonzaloanaya.com\/es\/2019\/09\/09\/comencem-curs-2019-2020-reptes-leducacio-publica-valenciana\/#breadcrumb","itemListElement":[{"@type":"ListItem","position":1,"name":"Inici","item":"https:\/\/www.gonzaloanaya.com\/es\/"},{"@type":"ListItem","position":2,"name":"Comencem el curs 2019-2020 amb reptes per a l&#8217;educaci\u00f3 p\u00fablica valenciana"}]},{"@type":"Person","@id":"https:\/\/www.gonzaloanaya.com\/es\/#\/schema\/person\/d8c15b9dc3faa865aedb2546bd9f80b8","name":"Gonzalo Anaya","image":{"@type":"ImageObject","inLanguage":"es","@id":"https:\/\/www.gonzaloanaya.com\/es\/#\/schema\/person\/image\/","url":"https:\/\/secure.gravatar.com\/avatar\/f76811ed77bbc23341618522f4177145?s=96&d=mm&r=g","contentUrl":"https:\/\/secure.gravatar.com\/avatar\/f76811ed77bbc23341618522f4177145?s=96&d=mm&r=g","caption":"Gonzalo Anaya"},"sameAs":["http:\/\/www.gonzaloanaya.com"],"url":"https:\/\/www.gonzaloanaya.com\/es\/author\/gonzalo-anaya\/"}]}},"_links":{"self":[{"href":"https:\/\/www.gonzaloanaya.com\/es\/wp-json\/wp\/v2\/posts\/7663"}],"collection":[{"href":"https:\/\/www.gonzaloanaya.com\/es\/wp-json\/wp\/v2\/posts"}],"about":[{"href":"https:\/\/www.gonzaloanaya.com\/es\/wp-json\/wp\/v2\/types\/post"}],"author":[{"embeddable":true,"href":"https:\/\/www.gonzaloanaya.com\/es\/wp-json\/wp\/v2\/users\/5"}],"replies":[{"embeddable":true,"href":"https:\/\/www.gonzaloanaya.com\/es\/wp-json\/wp\/v2\/comments?post=7663"}],"version-history":[{"count":2,"href":"https:\/\/www.gonzaloanaya.com\/es\/wp-json\/wp\/v2\/posts\/7663\/revisions"}],"predecessor-version":[{"id":7667,"href":"https:\/\/www.gonzaloanaya.com\/es\/wp-json\/wp\/v2\/posts\/7663\/revisions\/7667"}],"wp:featuredmedia":[{"embeddable":true,"href":"https:\/\/www.gonzaloanaya.com\/es\/wp-json\/wp\/v2\/media\/7656"}],"wp:attachment":[{"href":"https:\/\/www.gonzaloanaya.com\/es\/wp-json\/wp\/v2\/media?parent=7663"}],"wp:term":[{"taxonomy":"category","embeddable":true,"href":"https:\/\/www.gonzaloanaya.com\/es\/wp-json\/wp\/v2\/categories?post=7663"},{"taxonomy":"post_tag","embeddable":true,"href":"https:\/\/www.gonzaloanaya.com\/es\/wp-json\/wp\/v2\/tags?post=7663"}],"curies":[{"name":"wp","href":"https:\/\/api.w.org\/{rel}","templated":true}]}}