{"id":6791,"date":"2018-11-05T10:31:22","date_gmt":"2018-11-05T09:31:22","guid":{"rendered":"http:\/\/www.gonzaloanaya.com\/es\/2018\/11\/05\/demanem-reunio-conseller-marza-falta-professorat\/"},"modified":"2018-11-05T10:32:55","modified_gmt":"2018-11-05T09:32:55","slug":"demanem-reunio-conseller-marza-falta-professorat","status":"publish","type":"post","link":"https:\/\/www.gonzaloanaya.com\/es\/2018\/11\/05\/demanem-reunio-conseller-marza-falta-professorat\/","title":{"rendered":"Pedimos una reuni\u00f3n con el Conseller Marz\u00e0 por la falta de profesorado"},"content":{"rendered":"<p>Cuando ya ha transcurrido casi dos meses desde que se iniciaron las clases de este curso, todav\u00eda hay demasiados centros a los que le faltan profesores en diferentes asignaturas. Las m\u00e1s recurrentes sin profesorado son las de valenciano y matem\u00e1ticas.<\/p>\n<p>Para las familias de la Confederaci\u00f3n de AMPA Gonzalo Anaya, la m\u00e1s numerosa de la escuela p\u00fablica, la falta de profesorado en los centros p\u00fablicos pone en peligro la calidad de la ense\u00f1anza p\u00fablica, ya que el alumnado recibe una educaci\u00f3n deficitaria con clases no impartidas durante largos per\u00edodos de tiempo. Esta situaci\u00f3n se aleja de la educaci\u00f3n p\u00fablica que queremos para nuestros hijos e hijas. Por eso, reivindicamos m\u00e1s recursos personales para solucionar las carencias que tienen muchos centros del Pa\u00eds Valenci\u00e0.<\/p>\n<p>\u201cLas familias hemos solicitado una reuni\u00f3n urgente con el Conseller d\u2019Educaci\u00f3, Vicente Marz\u00e0, para tratar este punto como prioritario porque no entendemos que centenares de ni\u00f1os y ni\u00f1as est\u00e9n sin recibir clases de diferentes asignaturas, ralentizando su aprendizaje\u201d, indica el Presidente de la Confederaci\u00f3n, Txomin Ang\u00f3s.<\/p>\n<p>Queremos que los procedimientos para la cobertura de las plazas vacantes y de las bajas sean m\u00e1s \u00e1giles, que las incorporaciones sean r\u00e1pidas y por profesionales cualificados y motivados. S\u00f3lo as\u00ed podemos garantizar la calidad de la ense\u00f1anza p\u00fablica. Nos encontramos en un momento en el que faltan demasiados profesores de valenciano, sobre todo en zonas castellano parlantes. Dif\u00edcilmente podemos avanzar en una educaci\u00f3n pluriling\u00fce en estos puntos de nuestra geograf\u00eda si no tenemos los recursos necesarios.<\/p>\n<p>Adem\u00e1s de la cobertura de las plazas vacantes y las bajas, reivindicamos que la Administraci\u00f3n establezca unos procedimientos que permitan que haya menos rotaci\u00f3n del profesorado. La falta de estabilidad del profesorado impide darle continuidad a los proyectos educativos y provoca en el alumnado periodos de adaptaci\u00f3n que ralentizan el rendimiento acad\u00e9mico. En zonas concretas de nuestra geograf\u00eda, como poblaciones del interior de Castell\u00f3n o el sur de Alicante, la rotaci\u00f3n es continua y hace muy dif\u00edcil avanzar en el aprendizaje.<\/p>\n<p>La escuela p\u00fablica debe disponer de los recursos necesarios para que la calidad est\u00e9 garantizada y una parte de esa calidad viene dada porque nuestros hijos e hijas tengan en las aulas a un profesorado motivado y formado en las materias que impartan.<\/p>\n","protected":false},"excerpt":{"rendered":"<p>Cuando ya ha transcurrido casi dos meses desde que se iniciaron las clases de este curso, todav\u00eda hay demasiados centros a los que le faltan profesores en diferentes asignaturas. Las m\u00e1s recurrentes sin profesorado son las de valenciano y matem\u00e1ticas. Para las familias de la Confederaci\u00f3n de AMPA Gonzalo Anaya, la m\u00e1s numerosa de la escuela p\u00fablica, la falta de profesorado en los centros p\u00fablicos pone en peligro la calidad de la ense\u00f1anza p\u00fablica, ya que el alumnado recibe una educaci\u00f3n deficitaria con clases no impartidas durante largos per\u00edodos de tiempo. Esta situaci\u00f3n se aleja de la educaci\u00f3n p\u00fablica que queremos para nuestros hijos e hijas. Por eso, reivindicamos m\u00e1s recursos personales para solucionar las carencias que tienen muchos centros del Pa\u00eds Valenci\u00e0. \u201cLas familias hemos solicitado una reuni\u00f3n urgente con el Conseller d\u2019Educaci\u00f3, Vicente Marz\u00e0, para tratar este punto como prioritario porque no entendemos que centenares de ni\u00f1os y ni\u00f1as est\u00e9n sin recibir clases de diferentes asignaturas, ralentizando su aprendizaje\u201d, indica el Presidente de la Confederaci\u00f3n, Txomin Ang\u00f3s. Queremos que los procedimientos para la cobertura de las plazas vacantes y de las bajas sean m\u00e1s \u00e1giles, que las incorporaciones sean r\u00e1pidas y por profesionales cualificados y motivados. S\u00f3lo as\u00ed [&hellip;]<\/p>\n","protected":false},"author":5,"featured_media":3785,"comment_status":"closed","ping_status":"closed","sticky":false,"template":"","format":"standard","meta":[],"categories":[54],"tags":[],"yoast_head":"<!-- This site is optimized with the Yoast SEO plugin v19.2 - https:\/\/yoast.com\/wordpress\/plugins\/seo\/ -->\n<title>Pedimos una reuni\u00f3n con el Conseller Marz\u00e0 por la falta de profesorado | Gonzalo Anaya<\/title>\n<meta name=\"robots\" content=\"index, follow, max-snippet:-1, max-image-preview:large, max-video-preview:-1\" \/>\n<link rel=\"canonical\" href=\"https:\/\/www.gonzaloanaya.com\/es\/2018\/11\/05\/demanem-reunio-conseller-marza-falta-professorat\/\" \/>\n<meta property=\"og:locale\" content=\"es_ES\" \/>\n<meta property=\"og:type\" content=\"article\" \/>\n<meta property=\"og:title\" content=\"Pedimos una reuni\u00f3n con el Conseller Marz\u00e0 por la falta de profesorado | Gonzalo Anaya\" \/>\n<meta property=\"og:description\" content=\"Cuando ya ha transcurrido casi dos meses desde que se iniciaron las clases de este curso, todav\u00eda hay demasiados centros a los que le faltan profesores en diferentes asignaturas. Las m\u00e1s recurrentes sin profesorado son las de valenciano y matem\u00e1ticas. Para las familias de la Confederaci\u00f3n de AMPA Gonzalo Anaya, la m\u00e1s numerosa de la escuela p\u00fablica, la falta de profesorado en los centros p\u00fablicos pone en peligro la calidad de la ense\u00f1anza p\u00fablica, ya que el alumnado recibe una educaci\u00f3n deficitaria con clases no impartidas durante largos per\u00edodos de tiempo. Esta situaci\u00f3n se aleja de la educaci\u00f3n p\u00fablica que queremos para nuestros hijos e hijas. Por eso, reivindicamos m\u00e1s recursos personales para solucionar las carencias que tienen muchos centros del Pa\u00eds Valenci\u00e0. \u201cLas familias hemos solicitado una reuni\u00f3n urgente con el Conseller d\u2019Educaci\u00f3, Vicente Marz\u00e0, para tratar este punto como prioritario porque no entendemos que centenares de ni\u00f1os y ni\u00f1as est\u00e9n sin recibir clases de diferentes asignaturas, ralentizando su aprendizaje\u201d, indica el Presidente de la Confederaci\u00f3n, Txomin Ang\u00f3s. Queremos que los procedimientos para la cobertura de las plazas vacantes y de las bajas sean m\u00e1s \u00e1giles, que las incorporaciones sean r\u00e1pidas y por profesionales cualificados y motivados. S\u00f3lo as\u00ed [&hellip;]\" \/>\n<meta property=\"og:url\" content=\"https:\/\/www.gonzaloanaya.com\/es\/2018\/11\/05\/demanem-reunio-conseller-marza-falta-professorat\/\" \/>\n<meta property=\"og:site_name\" content=\"Gonzalo Anaya\" \/>\n<meta property=\"article:publisher\" content=\"https:\/\/www.facebook.com\/confederacio.gonzaloanaya\" \/>\n<meta property=\"article:published_time\" content=\"2018-11-05T09:31:22+00:00\" \/>\n<meta property=\"article:modified_time\" content=\"2018-11-05T09:32:55+00:00\" \/>\n<meta property=\"og:image\" content=\"https:\/\/www.gonzaloanaya.com\/wp-content\/uploads\/2016\/05\/clase_participacion.jpg\" \/>\n\t<meta property=\"og:image:width\" content=\"909\" \/>\n\t<meta property=\"og:image:height\" content=\"527\" \/>\n\t<meta property=\"og:image:type\" content=\"image\/jpeg\" \/>\n<meta name=\"author\" content=\"Gonzalo Anaya\" \/>\n<meta name=\"twitter:card\" content=\"summary\" \/>\n<meta name=\"twitter:label1\" content=\"Escrito por\" \/>\n\t<meta name=\"twitter:data1\" content=\"Gonzalo Anaya\" \/>\n\t<meta name=\"twitter:label2\" content=\"Tiempo de lectura\" \/>\n\t<meta name=\"twitter:data2\" content=\"2 minutos\" \/>\n<script type=\"application\/ld+json\" class=\"yoast-schema-graph\">{\"@context\":\"https:\/\/schema.org\",\"@graph\":[{\"@type\":\"WebSite\",\"@id\":\"https:\/\/www.gonzaloanaya.com\/es\/#website\",\"url\":\"https:\/\/www.gonzaloanaya.com\/es\/\",\"name\":\"Gonzalo Anaya\",\"description\":\"Confederaci\u00f3n de Asociaciones de Padres y Madres de Alumnos de la Comunidad Valenciana \\\"Gonzalo Anaya\\\" \",\"potentialAction\":[{\"@type\":\"SearchAction\",\"target\":{\"@type\":\"EntryPoint\",\"urlTemplate\":\"https:\/\/www.gonzaloanaya.com\/es\/?s={search_term_string}\"},\"query-input\":\"required name=search_term_string\"}],\"inLanguage\":\"es\"},{\"@type\":\"ImageObject\",\"inLanguage\":\"es\",\"@id\":\"https:\/\/www.gonzaloanaya.com\/es\/2018\/11\/05\/demanem-reunio-conseller-marza-falta-professorat\/#primaryimage\",\"url\":\"https:\/\/www.gonzaloanaya.com\/wp-content\/uploads\/2016\/05\/clase_participacion.jpg\",\"contentUrl\":\"https:\/\/www.gonzaloanaya.com\/wp-content\/uploads\/2016\/05\/clase_participacion.jpg\",\"width\":909,\"height\":527},{\"@type\":\"WebPage\",\"@id\":\"https:\/\/www.gonzaloanaya.com\/es\/2018\/11\/05\/demanem-reunio-conseller-marza-falta-professorat\/#webpage\",\"url\":\"https:\/\/www.gonzaloanaya.com\/es\/2018\/11\/05\/demanem-reunio-conseller-marza-falta-professorat\/\",\"name\":\"Pedimos una reuni\u00f3n con el Conseller Marz\u00e0 por la falta de profesorado | Gonzalo Anaya\",\"isPartOf\":{\"@id\":\"https:\/\/www.gonzaloanaya.com\/es\/#website\"},\"primaryImageOfPage\":{\"@id\":\"https:\/\/www.gonzaloanaya.com\/es\/2018\/11\/05\/demanem-reunio-conseller-marza-falta-professorat\/#primaryimage\"},\"datePublished\":\"2018-11-05T09:31:22+00:00\",\"dateModified\":\"2018-11-05T09:32:55+00:00\",\"author\":{\"@id\":\"https:\/\/www.gonzaloanaya.com\/es\/#\/schema\/person\/d8c15b9dc3faa865aedb2546bd9f80b8\"},\"breadcrumb\":{\"@id\":\"https:\/\/www.gonzaloanaya.com\/es\/2018\/11\/05\/demanem-reunio-conseller-marza-falta-professorat\/#breadcrumb\"},\"inLanguage\":\"es\",\"potentialAction\":[{\"@type\":\"ReadAction\",\"target\":[\"https:\/\/www.gonzaloanaya.com\/es\/2018\/11\/05\/demanem-reunio-conseller-marza-falta-professorat\/\"]}]},{\"@type\":\"BreadcrumbList\",\"@id\":\"https:\/\/www.gonzaloanaya.com\/es\/2018\/11\/05\/demanem-reunio-conseller-marza-falta-professorat\/#breadcrumb\",\"itemListElement\":[{\"@type\":\"ListItem\",\"position\":1,\"name\":\"Inici\",\"item\":\"https:\/\/www.gonzaloanaya.com\/es\/\"},{\"@type\":\"ListItem\",\"position\":2,\"name\":\"Pedimos una reuni\u00f3n con el Conseller Marz\u00e0 por la falta de profesorado\"}]},{\"@type\":\"Person\",\"@id\":\"https:\/\/www.gonzaloanaya.com\/es\/#\/schema\/person\/d8c15b9dc3faa865aedb2546bd9f80b8\",\"name\":\"Gonzalo Anaya\",\"image\":{\"@type\":\"ImageObject\",\"inLanguage\":\"es\",\"@id\":\"https:\/\/www.gonzaloanaya.com\/es\/#\/schema\/person\/image\/\",\"url\":\"https:\/\/secure.gravatar.com\/avatar\/f76811ed77bbc23341618522f4177145?s=96&d=mm&r=g\",\"contentUrl\":\"https:\/\/secure.gravatar.com\/avatar\/f76811ed77bbc23341618522f4177145?s=96&d=mm&r=g\",\"caption\":\"Gonzalo Anaya\"},\"sameAs\":[\"http:\/\/www.gonzaloanaya.com\"],\"url\":\"https:\/\/www.gonzaloanaya.com\/es\/author\/gonzalo-anaya\/\"}]}<\/script>\n<!-- \/ Yoast SEO plugin. -->","yoast_head_json":{"title":"Pedimos una reuni\u00f3n con el Conseller Marz\u00e0 por la falta de profesorado | Gonzalo Anaya","robots":{"index":"index","follow":"follow","max-snippet":"max-snippet:-1","max-image-preview":"max-image-preview:large","max-video-preview":"max-video-preview:-1"},"canonical":"https:\/\/www.gonzaloanaya.com\/es\/2018\/11\/05\/demanem-reunio-conseller-marza-falta-professorat\/","og_locale":"es_ES","og_type":"article","og_title":"Pedimos una reuni\u00f3n con el Conseller Marz\u00e0 por la falta de profesorado | Gonzalo Anaya","og_description":"Cuando ya ha transcurrido casi dos meses desde que se iniciaron las clases de este curso, todav\u00eda hay demasiados centros a los que le faltan profesores en diferentes asignaturas. Las m\u00e1s recurrentes sin profesorado son las de valenciano y matem\u00e1ticas. Para las familias de la Confederaci\u00f3n de AMPA Gonzalo Anaya, la m\u00e1s numerosa de la escuela p\u00fablica, la falta de profesorado en los centros p\u00fablicos pone en peligro la calidad de la ense\u00f1anza p\u00fablica, ya que el alumnado recibe una educaci\u00f3n deficitaria con clases no impartidas durante largos per\u00edodos de tiempo. Esta situaci\u00f3n se aleja de la educaci\u00f3n p\u00fablica que queremos para nuestros hijos e hijas. Por eso, reivindicamos m\u00e1s recursos personales para solucionar las carencias que tienen muchos centros del Pa\u00eds Valenci\u00e0. \u201cLas familias hemos solicitado una reuni\u00f3n urgente con el Conseller d\u2019Educaci\u00f3, Vicente Marz\u00e0, para tratar este punto como prioritario porque no entendemos que centenares de ni\u00f1os y ni\u00f1as est\u00e9n sin recibir clases de diferentes asignaturas, ralentizando su aprendizaje\u201d, indica el Presidente de la Confederaci\u00f3n, Txomin Ang\u00f3s. Queremos que los procedimientos para la cobertura de las plazas vacantes y de las bajas sean m\u00e1s \u00e1giles, que las incorporaciones sean r\u00e1pidas y por profesionales cualificados y motivados. S\u00f3lo as\u00ed [&hellip;]","og_url":"https:\/\/www.gonzaloanaya.com\/es\/2018\/11\/05\/demanem-reunio-conseller-marza-falta-professorat\/","og_site_name":"Gonzalo Anaya","article_publisher":"https:\/\/www.facebook.com\/confederacio.gonzaloanaya","article_published_time":"2018-11-05T09:31:22+00:00","article_modified_time":"2018-11-05T09:32:55+00:00","og_image":[{"width":909,"height":527,"url":"https:\/\/www.gonzaloanaya.com\/wp-content\/uploads\/2016\/05\/clase_participacion.jpg","type":"image\/jpeg"}],"author":"Gonzalo Anaya","twitter_card":"summary","twitter_misc":{"Escrito por":"Gonzalo Anaya","Tiempo de lectura":"2 minutos"},"schema":{"@context":"https:\/\/schema.org","@graph":[{"@type":"WebSite","@id":"https:\/\/www.gonzaloanaya.com\/es\/#website","url":"https:\/\/www.gonzaloanaya.com\/es\/","name":"Gonzalo Anaya","description":"Confederaci\u00f3n de Asociaciones de Padres y Madres de Alumnos de la Comunidad Valenciana \"Gonzalo Anaya\" ","potentialAction":[{"@type":"SearchAction","target":{"@type":"EntryPoint","urlTemplate":"https:\/\/www.gonzaloanaya.com\/es\/?s={search_term_string}"},"query-input":"required name=search_term_string"}],"inLanguage":"es"},{"@type":"ImageObject","inLanguage":"es","@id":"https:\/\/www.gonzaloanaya.com\/es\/2018\/11\/05\/demanem-reunio-conseller-marza-falta-professorat\/#primaryimage","url":"https:\/\/www.gonzaloanaya.com\/wp-content\/uploads\/2016\/05\/clase_participacion.jpg","contentUrl":"https:\/\/www.gonzaloanaya.com\/wp-content\/uploads\/2016\/05\/clase_participacion.jpg","width":909,"height":527},{"@type":"WebPage","@id":"https:\/\/www.gonzaloanaya.com\/es\/2018\/11\/05\/demanem-reunio-conseller-marza-falta-professorat\/#webpage","url":"https:\/\/www.gonzaloanaya.com\/es\/2018\/11\/05\/demanem-reunio-conseller-marza-falta-professorat\/","name":"Pedimos una reuni\u00f3n con el Conseller Marz\u00e0 por la falta de profesorado | Gonzalo Anaya","isPartOf":{"@id":"https:\/\/www.gonzaloanaya.com\/es\/#website"},"primaryImageOfPage":{"@id":"https:\/\/www.gonzaloanaya.com\/es\/2018\/11\/05\/demanem-reunio-conseller-marza-falta-professorat\/#primaryimage"},"datePublished":"2018-11-05T09:31:22+00:00","dateModified":"2018-11-05T09:32:55+00:00","author":{"@id":"https:\/\/www.gonzaloanaya.com\/es\/#\/schema\/person\/d8c15b9dc3faa865aedb2546bd9f80b8"},"breadcrumb":{"@id":"https:\/\/www.gonzaloanaya.com\/es\/2018\/11\/05\/demanem-reunio-conseller-marza-falta-professorat\/#breadcrumb"},"inLanguage":"es","potentialAction":[{"@type":"ReadAction","target":["https:\/\/www.gonzaloanaya.com\/es\/2018\/11\/05\/demanem-reunio-conseller-marza-falta-professorat\/"]}]},{"@type":"BreadcrumbList","@id":"https:\/\/www.gonzaloanaya.com\/es\/2018\/11\/05\/demanem-reunio-conseller-marza-falta-professorat\/#breadcrumb","itemListElement":[{"@type":"ListItem","position":1,"name":"Inici","item":"https:\/\/www.gonzaloanaya.com\/es\/"},{"@type":"ListItem","position":2,"name":"Pedimos una reuni\u00f3n con el Conseller Marz\u00e0 por la falta de profesorado"}]},{"@type":"Person","@id":"https:\/\/www.gonzaloanaya.com\/es\/#\/schema\/person\/d8c15b9dc3faa865aedb2546bd9f80b8","name":"Gonzalo Anaya","image":{"@type":"ImageObject","inLanguage":"es","@id":"https:\/\/www.gonzaloanaya.com\/es\/#\/schema\/person\/image\/","url":"https:\/\/secure.gravatar.com\/avatar\/f76811ed77bbc23341618522f4177145?s=96&d=mm&r=g","contentUrl":"https:\/\/secure.gravatar.com\/avatar\/f76811ed77bbc23341618522f4177145?s=96&d=mm&r=g","caption":"Gonzalo Anaya"},"sameAs":["http:\/\/www.gonzaloanaya.com"],"url":"https:\/\/www.gonzaloanaya.com\/es\/author\/gonzalo-anaya\/"}]}},"_links":{"self":[{"href":"https:\/\/www.gonzaloanaya.com\/es\/wp-json\/wp\/v2\/posts\/6791"}],"collection":[{"href":"https:\/\/www.gonzaloanaya.com\/es\/wp-json\/wp\/v2\/posts"}],"about":[{"href":"https:\/\/www.gonzaloanaya.com\/es\/wp-json\/wp\/v2\/types\/post"}],"author":[{"embeddable":true,"href":"https:\/\/www.gonzaloanaya.com\/es\/wp-json\/wp\/v2\/users\/5"}],"replies":[{"embeddable":true,"href":"https:\/\/www.gonzaloanaya.com\/es\/wp-json\/wp\/v2\/comments?post=6791"}],"version-history":[{"count":2,"href":"https:\/\/www.gonzaloanaya.com\/es\/wp-json\/wp\/v2\/posts\/6791\/revisions"}],"predecessor-version":[{"id":6793,"href":"https:\/\/www.gonzaloanaya.com\/es\/wp-json\/wp\/v2\/posts\/6791\/revisions\/6793"}],"wp:featuredmedia":[{"embeddable":true,"href":"https:\/\/www.gonzaloanaya.com\/es\/wp-json\/wp\/v2\/media\/3785"}],"wp:attachment":[{"href":"https:\/\/www.gonzaloanaya.com\/es\/wp-json\/wp\/v2\/media?parent=6791"}],"wp:term":[{"taxonomy":"category","embeddable":true,"href":"https:\/\/www.gonzaloanaya.com\/es\/wp-json\/wp\/v2\/categories?post=6791"},{"taxonomy":"post_tag","embeddable":true,"href":"https:\/\/www.gonzaloanaya.com\/es\/wp-json\/wp\/v2\/tags?post=6791"}],"curies":[{"name":"wp","href":"https:\/\/api.w.org\/{rel}","templated":true}]}}