{"id":3799,"date":"2016-05-20T08:59:04","date_gmt":"2016-05-20T08:59:04","guid":{"rendered":"http:\/\/gonzaloanaya.mindthebrand.com\/es\/2016\/05\/20\/demanem-la-subvencio-de-les-ampa\/"},"modified":"2016-05-25T09:20:58","modified_gmt":"2016-05-25T09:20:58","slug":"demanem-la-subvencio-de-les-ampa","status":"publish","type":"post","link":"https:\/\/www.gonzaloanaya.com\/es\/2016\/05\/20\/demanem-la-subvencio-de-les-ampa\/","title":{"rendered":"Pedimos la subvenci\u00f3n de las AMPA"},"content":{"rendered":"<p>La Confederaci\u00f3n de AMPA de la Comunidad Valenciana Gonzalo Anaya ha manifestado su protesta por el retraso de la Conselleria de Educaci\u00f3n en el pago de la subvenci\u00f3n a las organizaciones de AMPA, que est\u00e1 poniendo en grave riesgo la continuidad de su trabajo. Esta situaci\u00f3n afecta a asociaciones de madres y padres y a\u00a0 sus federaciones provinciales y confederaciones auton\u00f3micas.<\/p>\n<p>Las organizaciones representantes de las familias esperan desde enero el ingreso de la ayuda aprobada en el a\u00f1o 2015 y han reclamado oficialmente el pago, sin respuesta de momento. La Confederaci\u00f3n afirma que se pone en riesgo el funcionamiento de las asociaciones y se dificulta as\u00ed su participaci\u00f3n, ya que no se pueden atender los gastos de funcionamiento (personal, suministros, comunicaciones, material de oficina&#8230;) que permiten dar servicios de asesor\u00eda I formaci\u00f3n.<\/p>\n<p>Asimismo, se denuncia que todav\u00eda no se ha publicado la normativa que regula la subvenci\u00f3n para este a\u00f1o, lo que dificulta la programaci\u00f3n de actividades, especialmente la formaci\u00f3n a AMPA y familias, ya que no se sabe si los cursos, charlas y jornadas que se organicen ser\u00e1n financiadas, al desconocer los criterios que se aprobar\u00e1n. En este sentido, se recuerda que la formaci\u00f3n de 2016 ser\u00e1 pagada en 2017 y, por lo tanto, se est\u00e1n haciendo las actividades sin informaci\u00f3n.<\/p>\n<p>La Gonzalo Anaya tambi\u00e9n demanda que se cambie la actual norma de s\u00f3lo subvencionar los meses de enero a octubre, ya que las organizaciones tienen actividad todo el a\u00f1o.<\/p>\n","protected":false},"excerpt":{"rendered":"<p>La Confederaci\u00f3n de AMPA de la Comunidad Valenciana Gonzalo Anaya ha manifestado su protesta por el retraso de la Conselleria de Educaci\u00f3n en el pago de la subvenci\u00f3n a las organizaciones de AMPA, que est\u00e1 poniendo en grave riesgo la continuidad de su trabajo. Esta situaci\u00f3n afecta a asociaciones de madres y padres y a\u00a0 sus federaciones provinciales y confederaciones auton\u00f3micas. Las organizaciones representantes de las familias esperan desde enero el ingreso de la ayuda aprobada en el a\u00f1o 2015 y han reclamado oficialmente el pago, sin respuesta de momento. La Confederaci\u00f3n afirma que se pone en riesgo el funcionamiento de las asociaciones y se dificulta as\u00ed su participaci\u00f3n, ya que no se pueden atender los gastos de funcionamiento (personal, suministros, comunicaciones, material de oficina&#8230;) que permiten dar servicios de asesor\u00eda I formaci\u00f3n. Asimismo, se denuncia que todav\u00eda no se ha publicado la normativa que regula la subvenci\u00f3n para este a\u00f1o, lo que dificulta la programaci\u00f3n de actividades, especialmente la formaci\u00f3n a AMPA y familias, ya que no se sabe si los cursos, charlas y jornadas que se organicen ser\u00e1n financiadas, al desconocer los criterios que se aprobar\u00e1n. En este sentido, se recuerda que la formaci\u00f3n de 2016 ser\u00e1 pagada [&hellip;]<\/p>\n","protected":false},"author":5,"featured_media":3791,"comment_status":"open","ping_status":"closed","sticky":false,"template":"","format":"standard","meta":[],"categories":[54],"tags":[62,63,64],"yoast_head":"<!-- This site is optimized with the Yoast SEO plugin v19.2 - https:\/\/yoast.com\/wordpress\/plugins\/seo\/ -->\n<title>Pedimos la subvenci\u00f3n de las AMPA | Gonzalo Anaya<\/title>\n<meta name=\"robots\" content=\"index, follow, max-snippet:-1, max-image-preview:large, max-video-preview:-1\" \/>\n<link rel=\"canonical\" href=\"https:\/\/www.gonzaloanaya.com\/es\/2016\/05\/20\/demanem-la-subvencio-de-les-ampa\/\" \/>\n<meta property=\"og:locale\" content=\"es_ES\" \/>\n<meta property=\"og:type\" content=\"article\" \/>\n<meta property=\"og:title\" content=\"Pedimos la subvenci\u00f3n de las AMPA | Gonzalo Anaya\" \/>\n<meta property=\"og:description\" content=\"La Confederaci\u00f3n de AMPA de la Comunidad Valenciana Gonzalo Anaya ha manifestado su protesta por el retraso de la Conselleria de Educaci\u00f3n en el pago de la subvenci\u00f3n a las organizaciones de AMPA, que est\u00e1 poniendo en grave riesgo la continuidad de su trabajo. Esta situaci\u00f3n afecta a asociaciones de madres y padres y a\u00a0 sus federaciones provinciales y confederaciones auton\u00f3micas. Las organizaciones representantes de las familias esperan desde enero el ingreso de la ayuda aprobada en el a\u00f1o 2015 y han reclamado oficialmente el pago, sin respuesta de momento. La Confederaci\u00f3n afirma que se pone en riesgo el funcionamiento de las asociaciones y se dificulta as\u00ed su participaci\u00f3n, ya que no se pueden atender los gastos de funcionamiento (personal, suministros, comunicaciones, material de oficina&#8230;) que permiten dar servicios de asesor\u00eda I formaci\u00f3n. Asimismo, se denuncia que todav\u00eda no se ha publicado la normativa que regula la subvenci\u00f3n para este a\u00f1o, lo que dificulta la programaci\u00f3n de actividades, especialmente la formaci\u00f3n a AMPA y familias, ya que no se sabe si los cursos, charlas y jornadas que se organicen ser\u00e1n financiadas, al desconocer los criterios que se aprobar\u00e1n. En este sentido, se recuerda que la formaci\u00f3n de 2016 ser\u00e1 pagada [&hellip;]\" \/>\n<meta property=\"og:url\" content=\"https:\/\/www.gonzaloanaya.com\/es\/2016\/05\/20\/demanem-la-subvencio-de-les-ampa\/\" \/>\n<meta property=\"og:site_name\" content=\"Gonzalo Anaya\" \/>\n<meta property=\"article:publisher\" content=\"https:\/\/www.facebook.com\/confederacio.gonzaloanaya\" \/>\n<meta property=\"article:published_time\" content=\"2016-05-20T08:59:04+00:00\" \/>\n<meta property=\"article:modified_time\" content=\"2016-05-25T09:20:58+00:00\" \/>\n<meta property=\"og:image\" content=\"https:\/\/www.gonzaloanaya.com\/wp-content\/uploads\/2016\/05\/material_escolar.jpg\" \/>\n\t<meta property=\"og:image:width\" content=\"832\" \/>\n\t<meta property=\"og:image:height\" content=\"575\" \/>\n\t<meta property=\"og:image:type\" content=\"image\/jpeg\" \/>\n<meta name=\"author\" content=\"Gonzalo Anaya\" \/>\n<meta name=\"twitter:card\" content=\"summary\" \/>\n<meta name=\"twitter:label1\" content=\"Escrito por\" \/>\n\t<meta name=\"twitter:data1\" content=\"Gonzalo Anaya\" \/>\n\t<meta name=\"twitter:label2\" content=\"Tiempo de lectura\" \/>\n\t<meta name=\"twitter:data2\" content=\"1 minuto\" \/>\n<script type=\"application\/ld+json\" class=\"yoast-schema-graph\">{\"@context\":\"https:\/\/schema.org\",\"@graph\":[{\"@type\":\"WebSite\",\"@id\":\"https:\/\/www.gonzaloanaya.com\/es\/#website\",\"url\":\"https:\/\/www.gonzaloanaya.com\/es\/\",\"name\":\"Gonzalo Anaya\",\"description\":\"Confederaci\u00f3n de Asociaciones de Padres y Madres de Alumnos de la Comunidad Valenciana \\\"Gonzalo Anaya\\\" \",\"potentialAction\":[{\"@type\":\"SearchAction\",\"target\":{\"@type\":\"EntryPoint\",\"urlTemplate\":\"https:\/\/www.gonzaloanaya.com\/es\/?s={search_term_string}\"},\"query-input\":\"required name=search_term_string\"}],\"inLanguage\":\"es\"},{\"@type\":\"ImageObject\",\"inLanguage\":\"es\",\"@id\":\"https:\/\/www.gonzaloanaya.com\/es\/2016\/05\/20\/demanem-la-subvencio-de-les-ampa\/#primaryimage\",\"url\":\"https:\/\/www.gonzaloanaya.com\/wp-content\/uploads\/2016\/05\/material_escolar.jpg\",\"contentUrl\":\"https:\/\/www.gonzaloanaya.com\/wp-content\/uploads\/2016\/05\/material_escolar.jpg\",\"width\":832,\"height\":575},{\"@type\":\"WebPage\",\"@id\":\"https:\/\/www.gonzaloanaya.com\/es\/2016\/05\/20\/demanem-la-subvencio-de-les-ampa\/#webpage\",\"url\":\"https:\/\/www.gonzaloanaya.com\/es\/2016\/05\/20\/demanem-la-subvencio-de-les-ampa\/\",\"name\":\"Pedimos la subvenci\u00f3n de las AMPA | Gonzalo Anaya\",\"isPartOf\":{\"@id\":\"https:\/\/www.gonzaloanaya.com\/es\/#website\"},\"primaryImageOfPage\":{\"@id\":\"https:\/\/www.gonzaloanaya.com\/es\/2016\/05\/20\/demanem-la-subvencio-de-les-ampa\/#primaryimage\"},\"datePublished\":\"2016-05-20T08:59:04+00:00\",\"dateModified\":\"2016-05-25T09:20:58+00:00\",\"author\":{\"@id\":\"https:\/\/www.gonzaloanaya.com\/es\/#\/schema\/person\/d8c15b9dc3faa865aedb2546bd9f80b8\"},\"breadcrumb\":{\"@id\":\"https:\/\/www.gonzaloanaya.com\/es\/2016\/05\/20\/demanem-la-subvencio-de-les-ampa\/#breadcrumb\"},\"inLanguage\":\"es\",\"potentialAction\":[{\"@type\":\"ReadAction\",\"target\":[\"https:\/\/www.gonzaloanaya.com\/es\/2016\/05\/20\/demanem-la-subvencio-de-les-ampa\/\"]}]},{\"@type\":\"BreadcrumbList\",\"@id\":\"https:\/\/www.gonzaloanaya.com\/es\/2016\/05\/20\/demanem-la-subvencio-de-les-ampa\/#breadcrumb\",\"itemListElement\":[{\"@type\":\"ListItem\",\"position\":1,\"name\":\"Inici\",\"item\":\"https:\/\/www.gonzaloanaya.com\/es\/\"},{\"@type\":\"ListItem\",\"position\":2,\"name\":\"Pedimos la subvenci\u00f3n de las AMPA\"}]},{\"@type\":\"Person\",\"@id\":\"https:\/\/www.gonzaloanaya.com\/es\/#\/schema\/person\/d8c15b9dc3faa865aedb2546bd9f80b8\",\"name\":\"Gonzalo Anaya\",\"image\":{\"@type\":\"ImageObject\",\"inLanguage\":\"es\",\"@id\":\"https:\/\/www.gonzaloanaya.com\/es\/#\/schema\/person\/image\/\",\"url\":\"https:\/\/secure.gravatar.com\/avatar\/f76811ed77bbc23341618522f4177145?s=96&d=mm&r=g\",\"contentUrl\":\"https:\/\/secure.gravatar.com\/avatar\/f76811ed77bbc23341618522f4177145?s=96&d=mm&r=g\",\"caption\":\"Gonzalo Anaya\"},\"sameAs\":[\"http:\/\/www.gonzaloanaya.com\"],\"url\":\"https:\/\/www.gonzaloanaya.com\/es\/author\/gonzalo-anaya\/\"}]}<\/script>\n<!-- \/ Yoast SEO plugin. -->","yoast_head_json":{"title":"Pedimos la subvenci\u00f3n de las AMPA | Gonzalo Anaya","robots":{"index":"index","follow":"follow","max-snippet":"max-snippet:-1","max-image-preview":"max-image-preview:large","max-video-preview":"max-video-preview:-1"},"canonical":"https:\/\/www.gonzaloanaya.com\/es\/2016\/05\/20\/demanem-la-subvencio-de-les-ampa\/","og_locale":"es_ES","og_type":"article","og_title":"Pedimos la subvenci\u00f3n de las AMPA | Gonzalo Anaya","og_description":"La Confederaci\u00f3n de AMPA de la Comunidad Valenciana Gonzalo Anaya ha manifestado su protesta por el retraso de la Conselleria de Educaci\u00f3n en el pago de la subvenci\u00f3n a las organizaciones de AMPA, que est\u00e1 poniendo en grave riesgo la continuidad de su trabajo. Esta situaci\u00f3n afecta a asociaciones de madres y padres y a\u00a0 sus federaciones provinciales y confederaciones auton\u00f3micas. Las organizaciones representantes de las familias esperan desde enero el ingreso de la ayuda aprobada en el a\u00f1o 2015 y han reclamado oficialmente el pago, sin respuesta de momento. La Confederaci\u00f3n afirma que se pone en riesgo el funcionamiento de las asociaciones y se dificulta as\u00ed su participaci\u00f3n, ya que no se pueden atender los gastos de funcionamiento (personal, suministros, comunicaciones, material de oficina&#8230;) que permiten dar servicios de asesor\u00eda I formaci\u00f3n. Asimismo, se denuncia que todav\u00eda no se ha publicado la normativa que regula la subvenci\u00f3n para este a\u00f1o, lo que dificulta la programaci\u00f3n de actividades, especialmente la formaci\u00f3n a AMPA y familias, ya que no se sabe si los cursos, charlas y jornadas que se organicen ser\u00e1n financiadas, al desconocer los criterios que se aprobar\u00e1n. En este sentido, se recuerda que la formaci\u00f3n de 2016 ser\u00e1 pagada [&hellip;]","og_url":"https:\/\/www.gonzaloanaya.com\/es\/2016\/05\/20\/demanem-la-subvencio-de-les-ampa\/","og_site_name":"Gonzalo Anaya","article_publisher":"https:\/\/www.facebook.com\/confederacio.gonzaloanaya","article_published_time":"2016-05-20T08:59:04+00:00","article_modified_time":"2016-05-25T09:20:58+00:00","og_image":[{"width":832,"height":575,"url":"https:\/\/www.gonzaloanaya.com\/wp-content\/uploads\/2016\/05\/material_escolar.jpg","type":"image\/jpeg"}],"author":"Gonzalo Anaya","twitter_card":"summary","twitter_misc":{"Escrito por":"Gonzalo Anaya","Tiempo de lectura":"1 minuto"},"schema":{"@context":"https:\/\/schema.org","@graph":[{"@type":"WebSite","@id":"https:\/\/www.gonzaloanaya.com\/es\/#website","url":"https:\/\/www.gonzaloanaya.com\/es\/","name":"Gonzalo Anaya","description":"Confederaci\u00f3n de Asociaciones de Padres y Madres de Alumnos de la Comunidad Valenciana \"Gonzalo Anaya\" ","potentialAction":[{"@type":"SearchAction","target":{"@type":"EntryPoint","urlTemplate":"https:\/\/www.gonzaloanaya.com\/es\/?s={search_term_string}"},"query-input":"required name=search_term_string"}],"inLanguage":"es"},{"@type":"ImageObject","inLanguage":"es","@id":"https:\/\/www.gonzaloanaya.com\/es\/2016\/05\/20\/demanem-la-subvencio-de-les-ampa\/#primaryimage","url":"https:\/\/www.gonzaloanaya.com\/wp-content\/uploads\/2016\/05\/material_escolar.jpg","contentUrl":"https:\/\/www.gonzaloanaya.com\/wp-content\/uploads\/2016\/05\/material_escolar.jpg","width":832,"height":575},{"@type":"WebPage","@id":"https:\/\/www.gonzaloanaya.com\/es\/2016\/05\/20\/demanem-la-subvencio-de-les-ampa\/#webpage","url":"https:\/\/www.gonzaloanaya.com\/es\/2016\/05\/20\/demanem-la-subvencio-de-les-ampa\/","name":"Pedimos la subvenci\u00f3n de las AMPA | Gonzalo Anaya","isPartOf":{"@id":"https:\/\/www.gonzaloanaya.com\/es\/#website"},"primaryImageOfPage":{"@id":"https:\/\/www.gonzaloanaya.com\/es\/2016\/05\/20\/demanem-la-subvencio-de-les-ampa\/#primaryimage"},"datePublished":"2016-05-20T08:59:04+00:00","dateModified":"2016-05-25T09:20:58+00:00","author":{"@id":"https:\/\/www.gonzaloanaya.com\/es\/#\/schema\/person\/d8c15b9dc3faa865aedb2546bd9f80b8"},"breadcrumb":{"@id":"https:\/\/www.gonzaloanaya.com\/es\/2016\/05\/20\/demanem-la-subvencio-de-les-ampa\/#breadcrumb"},"inLanguage":"es","potentialAction":[{"@type":"ReadAction","target":["https:\/\/www.gonzaloanaya.com\/es\/2016\/05\/20\/demanem-la-subvencio-de-les-ampa\/"]}]},{"@type":"BreadcrumbList","@id":"https:\/\/www.gonzaloanaya.com\/es\/2016\/05\/20\/demanem-la-subvencio-de-les-ampa\/#breadcrumb","itemListElement":[{"@type":"ListItem","position":1,"name":"Inici","item":"https:\/\/www.gonzaloanaya.com\/es\/"},{"@type":"ListItem","position":2,"name":"Pedimos la subvenci\u00f3n de las AMPA"}]},{"@type":"Person","@id":"https:\/\/www.gonzaloanaya.com\/es\/#\/schema\/person\/d8c15b9dc3faa865aedb2546bd9f80b8","name":"Gonzalo Anaya","image":{"@type":"ImageObject","inLanguage":"es","@id":"https:\/\/www.gonzaloanaya.com\/es\/#\/schema\/person\/image\/","url":"https:\/\/secure.gravatar.com\/avatar\/f76811ed77bbc23341618522f4177145?s=96&d=mm&r=g","contentUrl":"https:\/\/secure.gravatar.com\/avatar\/f76811ed77bbc23341618522f4177145?s=96&d=mm&r=g","caption":"Gonzalo Anaya"},"sameAs":["http:\/\/www.gonzaloanaya.com"],"url":"https:\/\/www.gonzaloanaya.com\/es\/author\/gonzalo-anaya\/"}]}},"_links":{"self":[{"href":"https:\/\/www.gonzaloanaya.com\/es\/wp-json\/wp\/v2\/posts\/3799"}],"collection":[{"href":"https:\/\/www.gonzaloanaya.com\/es\/wp-json\/wp\/v2\/posts"}],"about":[{"href":"https:\/\/www.gonzaloanaya.com\/es\/wp-json\/wp\/v2\/types\/post"}],"author":[{"embeddable":true,"href":"https:\/\/www.gonzaloanaya.com\/es\/wp-json\/wp\/v2\/users\/5"}],"replies":[{"embeddable":true,"href":"https:\/\/www.gonzaloanaya.com\/es\/wp-json\/wp\/v2\/comments?post=3799"}],"version-history":[{"count":2,"href":"https:\/\/www.gonzaloanaya.com\/es\/wp-json\/wp\/v2\/posts\/3799\/revisions"}],"predecessor-version":[{"id":3802,"href":"https:\/\/www.gonzaloanaya.com\/es\/wp-json\/wp\/v2\/posts\/3799\/revisions\/3802"}],"wp:featuredmedia":[{"embeddable":true,"href":"https:\/\/www.gonzaloanaya.com\/es\/wp-json\/wp\/v2\/media\/3791"}],"wp:attachment":[{"href":"https:\/\/www.gonzaloanaya.com\/es\/wp-json\/wp\/v2\/media?parent=3799"}],"wp:term":[{"taxonomy":"category","embeddable":true,"href":"https:\/\/www.gonzaloanaya.com\/es\/wp-json\/wp\/v2\/categories?post=3799"},{"taxonomy":"post_tag","embeddable":true,"href":"https:\/\/www.gonzaloanaya.com\/es\/wp-json\/wp\/v2\/tags?post=3799"}],"curies":[{"name":"wp","href":"https:\/\/api.w.org\/{rel}","templated":true}]}}