{"id":12029,"date":"2025-10-17T13:04:48","date_gmt":"2025-10-17T12:04:48","guid":{"rendered":"https:\/\/www.gonzaloanaya.com\/?p=12029"},"modified":"2025-10-17T13:06:41","modified_gmt":"2025-10-17T12:06:41","slug":"ya-puedes-presentar-la-candidatura-del-ampa","status":"publish","type":"post","link":"https:\/\/www.gonzaloanaya.com\/es\/2025\/10\/17\/ya-puedes-presentar-la-candidatura-del-ampa\/","title":{"rendered":"Ya puedes presentar la candidatura del AMPA"},"content":{"rendered":"\n<ul><li>Recuerda rellenar todos los datos en la ficha oficial de presentaci\u00f3n de la candidatura (puedes descargar el Anexo IV-B1 abajo).<\/li><li>Indica que la tuya AMPA pertenece a FAMPA Castell\u00f3 Penyagolosa, FAMPA-Val\u00e8ncia o FAMPA Enric Valor y a la C.Gonzalo Anaya<\/li><\/ul>\n\n\n\n<ul><li>Entrega la ficha anexo IV-B1 en tu centro educativo ( hasta el 3 de noviembre).<\/li><\/ul>\n\n\n\n<p>Ahora que ya ten\u00e9is claro que quer\u00e9is ser candidatos y candidatas del AMPA a las elecciones a consejos escoalares de centro, os compartimos todos los materiales necesarios. <\/p>\n\n\n\n<div class=\"wp-block-file\"><object class=\"wp-block-file__embed\" data=\"https:\/\/www.gonzaloanaya.com\/wp-content\/uploads\/2025\/10\/Annex_IVB1_Candidatura_AMPA.pdf\" type=\"application\/pdf\" style=\"width:100%;height:600px\" aria-label=\"Incrustaci\u00f3 del fitxer Annex_IVB1_Candidatura_AMPA.\"><\/object><a id=\"wp-block-file--media-dea1388f-8483-4255-848b-176fdb8482e2\" href=\"https:\/\/www.gonzaloanaya.com\/wp-content\/uploads\/2025\/10\/Annex_IVB1_Candidatura_AMPA.pdf\">Annex_IVB1_Candidatura_AMPA<\/a><a href=\"https:\/\/www.gonzaloanaya.com\/wp-content\/uploads\/2025\/10\/Annex_IVB1_Candidatura_AMPA.pdf\" class=\"wp-block-file__button\" download aria-describedby=\"wp-block-file--media-dea1388f-8483-4255-848b-176fdb8482e2\">Baixa<\/a><\/div>\n\n\n\n<figure class=\"wp-container-2 wp-block-gallery-1 wp-block-gallery has-nested-images columns-default is-cropped\">\n<figure class=\"wp-block-image size-large\"><img loading=\"lazy\" width=\"1414\" height=\"2000\" data-id=\"11961\"  src=\"https:\/\/www.gonzaloanaya.com\/wp-content\/uploads\/2025\/10\/Castello.jpg\" alt=\"\" class=\"wp-image-11961\" srcset=\"https:\/\/www.gonzaloanaya.com\/wp-content\/uploads\/2025\/10\/Castello.jpg 1414w, https:\/\/www.gonzaloanaya.com\/wp-content\/uploads\/2025\/10\/Castello-212x300.jpg 212w, https:\/\/www.gonzaloanaya.com\/wp-content\/uploads\/2025\/10\/Castello-724x1024.jpg 724w, https:\/\/www.gonzaloanaya.com\/wp-content\/uploads\/2025\/10\/Castello-768x1086.jpg 768w, https:\/\/www.gonzaloanaya.com\/wp-content\/uploads\/2025\/10\/Castello-1086x1536.jpg 1086w, https:\/\/www.gonzaloanaya.com\/wp-content\/uploads\/2025\/10\/Castello-103x146.jpg 103w, https:\/\/www.gonzaloanaya.com\/wp-content\/uploads\/2025\/10\/Castello-35x50.jpg 35w, https:\/\/www.gonzaloanaya.com\/wp-content\/uploads\/2025\/10\/Castello-53x75.jpg 53w, https:\/\/www.gonzaloanaya.com\/wp-content\/uploads\/2025\/10\/Castello-300x424.jpg 300w\" sizes=\"(max-width: 1414px) 100vw, 1414px\" \/><\/figure>\n\n\n\n<figure class=\"wp-block-image size-large\"><img loading=\"lazy\" width=\"1414\" height=\"2000\" data-id=\"11957\"  src=\"https:\/\/www.gonzaloanaya.com\/wp-content\/uploads\/2025\/10\/Alacant.jpg\" alt=\"\" class=\"wp-image-11957\" srcset=\"https:\/\/www.gonzaloanaya.com\/wp-content\/uploads\/2025\/10\/Alacant.jpg 1414w, https:\/\/www.gonzaloanaya.com\/wp-content\/uploads\/2025\/10\/Alacant-212x300.jpg 212w, https:\/\/www.gonzaloanaya.com\/wp-content\/uploads\/2025\/10\/Alacant-724x1024.jpg 724w, https:\/\/www.gonzaloanaya.com\/wp-content\/uploads\/2025\/10\/Alacant-768x1086.jpg 768w, https:\/\/www.gonzaloanaya.com\/wp-content\/uploads\/2025\/10\/Alacant-1086x1536.jpg 1086w, https:\/\/www.gonzaloanaya.com\/wp-content\/uploads\/2025\/10\/Alacant-103x146.jpg 103w, https:\/\/www.gonzaloanaya.com\/wp-content\/uploads\/2025\/10\/Alacant-35x50.jpg 35w, https:\/\/www.gonzaloanaya.com\/wp-content\/uploads\/2025\/10\/Alacant-53x75.jpg 53w, https:\/\/www.gonzaloanaya.com\/wp-content\/uploads\/2025\/10\/Alacant-300x424.jpg 300w\" sizes=\"(max-width: 1414px) 100vw, 1414px\" \/><\/figure>\n\n\n\n<figure class=\"wp-block-image size-large\"><img loading=\"lazy\" width=\"1414\" height=\"2000\" data-id=\"11959\"  src=\"https:\/\/www.gonzaloanaya.com\/wp-content\/uploads\/2025\/10\/valencia-1.jpg\" alt=\"\" class=\"wp-image-11959\" srcset=\"https:\/\/www.gonzaloanaya.com\/wp-content\/uploads\/2025\/10\/valencia-1.jpg 1414w, https:\/\/www.gonzaloanaya.com\/wp-content\/uploads\/2025\/10\/valencia-1-212x300.jpg 212w, https:\/\/www.gonzaloanaya.com\/wp-content\/uploads\/2025\/10\/valencia-1-724x1024.jpg 724w, https:\/\/www.gonzaloanaya.com\/wp-content\/uploads\/2025\/10\/valencia-1-768x1086.jpg 768w, https:\/\/www.gonzaloanaya.com\/wp-content\/uploads\/2025\/10\/valencia-1-1086x1536.jpg 1086w, https:\/\/www.gonzaloanaya.com\/wp-content\/uploads\/2025\/10\/valencia-1-103x146.jpg 103w, https:\/\/www.gonzaloanaya.com\/wp-content\/uploads\/2025\/10\/valencia-1-35x50.jpg 35w, https:\/\/www.gonzaloanaya.com\/wp-content\/uploads\/2025\/10\/valencia-1-53x75.jpg 53w, https:\/\/www.gonzaloanaya.com\/wp-content\/uploads\/2025\/10\/valencia-1-300x424.jpg 300w\" sizes=\"(max-width: 1414px) 100vw, 1414px\" \/><\/figure>\n<\/figure>\n\n\n\n<p>Vos compartim el manual de formaci\u00f3 de consells escolars. <\/p>\n\n\n\n<div class=\"wp-block-file\"><object class=\"wp-block-file__embed\" data=\"https:\/\/www.gonzaloanaya.com\/wp-content\/uploads\/2025\/10\/MANUAL-DE-CONSELLS-ESCOLARS_val.pdf\" type=\"application\/pdf\" style=\"width:100%;height:600px\" aria-label=\"Incrustaci\u00f3 del fitxer MANUAL-DE-CONSELLS-ESCOLARS_val.\"><\/object><a id=\"wp-block-file--media-dced1531-4c52-47bb-a18b-47dafe3b06de\" href=\"https:\/\/www.gonzaloanaya.com\/wp-content\/uploads\/2025\/10\/MANUAL-DE-CONSELLS-ESCOLARS_val.pdf\">MANUAL-DE-CONSELLS-ESCOLARS_val<\/a><a href=\"https:\/\/www.gonzaloanaya.com\/wp-content\/uploads\/2025\/10\/MANUAL-DE-CONSELLS-ESCOLARS_val.pdf\" class=\"wp-block-file__button\" download aria-describedby=\"wp-block-file--media-dced1531-4c52-47bb-a18b-47dafe3b06de\">Baixa<\/a><\/div>\n\n\n\n<figure class=\"wp-container-4 wp-block-gallery-3 wp-block-gallery has-nested-images columns-default is-cropped\">\n<figure class=\"wp-block-image size-large\"><img loading=\"lazy\" width=\"1080\" height=\"1440\" data-id=\"12007\"  src=\"https:\/\/www.gonzaloanaya.com\/wp-content\/uploads\/2025\/10\/valencia-3-2.jpg\" alt=\"\" class=\"wp-image-12007\" srcset=\"https:\/\/www.gonzaloanaya.com\/wp-content\/uploads\/2025\/10\/valencia-3-2.jpg 1080w, https:\/\/www.gonzaloanaya.com\/wp-content\/uploads\/2025\/10\/valencia-3-2-225x300.jpg 225w, https:\/\/www.gonzaloanaya.com\/wp-content\/uploads\/2025\/10\/valencia-3-2-768x1024.jpg 768w, https:\/\/www.gonzaloanaya.com\/wp-content\/uploads\/2025\/10\/valencia-3-2-110x146.jpg 110w, https:\/\/www.gonzaloanaya.com\/wp-content\/uploads\/2025\/10\/valencia-3-2-38x50.jpg 38w, https:\/\/www.gonzaloanaya.com\/wp-content\/uploads\/2025\/10\/valencia-3-2-56x75.jpg 56w, https:\/\/www.gonzaloanaya.com\/wp-content\/uploads\/2025\/10\/valencia-3-2-300x400.jpg 300w\" sizes=\"(max-width: 1080px) 100vw, 1080px\" \/><figcaption>cartell per al tauler del centre educatiu<\/figcaption><\/figure>\n\n\n\n<figure class=\"wp-block-image size-large\"><img loading=\"lazy\" width=\"1080\" height=\"1440\" data-id=\"12005\"  src=\"https:\/\/www.gonzaloanaya.com\/wp-content\/uploads\/2025\/10\/Castello-2-1.jpg\" alt=\"\" class=\"wp-image-12005\" srcset=\"https:\/\/www.gonzaloanaya.com\/wp-content\/uploads\/2025\/10\/Castello-2-1.jpg 1080w, https:\/\/www.gonzaloanaya.com\/wp-content\/uploads\/2025\/10\/Castello-2-1-225x300.jpg 225w, https:\/\/www.gonzaloanaya.com\/wp-content\/uploads\/2025\/10\/Castello-2-1-768x1024.jpg 768w, https:\/\/www.gonzaloanaya.com\/wp-content\/uploads\/2025\/10\/Castello-2-1-110x146.jpg 110w, https:\/\/www.gonzaloanaya.com\/wp-content\/uploads\/2025\/10\/Castello-2-1-38x50.jpg 38w, https:\/\/www.gonzaloanaya.com\/wp-content\/uploads\/2025\/10\/Castello-2-1-56x75.jpg 56w, https:\/\/www.gonzaloanaya.com\/wp-content\/uploads\/2025\/10\/Castello-2-1-300x400.jpg 300w\" sizes=\"(max-width: 1080px) 100vw, 1080px\" \/><figcaption>cartell per al tauler del centre educatiu<\/figcaption><\/figure>\n\n\n\n<figure class=\"wp-block-image size-large\"><img loading=\"lazy\" width=\"1080\" height=\"1440\" data-id=\"12003\"  src=\"https:\/\/www.gonzaloanaya.com\/wp-content\/uploads\/2025\/10\/Alacant-2-1.jpg\" alt=\"\" class=\"wp-image-12003\" srcset=\"https:\/\/www.gonzaloanaya.com\/wp-content\/uploads\/2025\/10\/Alacant-2-1.jpg 1080w, https:\/\/www.gonzaloanaya.com\/wp-content\/uploads\/2025\/10\/Alacant-2-1-225x300.jpg 225w, https:\/\/www.gonzaloanaya.com\/wp-content\/uploads\/2025\/10\/Alacant-2-1-768x1024.jpg 768w, https:\/\/www.gonzaloanaya.com\/wp-content\/uploads\/2025\/10\/Alacant-2-1-110x146.jpg 110w, https:\/\/www.gonzaloanaya.com\/wp-content\/uploads\/2025\/10\/Alacant-2-1-38x50.jpg 38w, https:\/\/www.gonzaloanaya.com\/wp-content\/uploads\/2025\/10\/Alacant-2-1-56x75.jpg 56w, https:\/\/www.gonzaloanaya.com\/wp-content\/uploads\/2025\/10\/Alacant-2-1-300x400.jpg 300w\" sizes=\"(max-width: 1080px) 100vw, 1080px\" \/><figcaption>cartell per al tauler del centre educatiu<\/figcaption><\/figure>\n<\/figure>\n","protected":false},"excerpt":{"rendered":"<p>Recuerda rellenar todos los datos en la ficha oficial de presentaci\u00f3n de la candidatura (puedes descargar el Anexo IV-B1 abajo). Indica que la tuya AMPA pertenece a FAMPA Castell\u00f3 Penyagolosa, FAMPA-Val\u00e8ncia o FAMPA Enric Valor y a la C.Gonzalo Anaya Entrega la ficha anexo IV-B1 en tu centro educativo ( hasta el 3 de noviembre). Ahora que ya ten\u00e9is claro que quer\u00e9is ser candidatos y candidatas del AMPA a las elecciones a consejos escoalares de centro, os compartimos todos los materiales necesarios. Vos compartim el manual de formaci\u00f3 de consells escolars.<\/p>\n","protected":false},"author":5,"featured_media":12030,"comment_status":"closed","ping_status":"closed","sticky":false,"template":"","format":"standard","meta":[],"categories":[54],"tags":[],"yoast_head":"<!-- This site is optimized with the Yoast SEO plugin v19.2 - https:\/\/yoast.com\/wordpress\/plugins\/seo\/ -->\n<title>Ya puedes presentar la candidatura del AMPA | Gonzalo Anaya<\/title>\n<meta name=\"robots\" content=\"index, follow, max-snippet:-1, max-image-preview:large, max-video-preview:-1\" \/>\n<link rel=\"canonical\" href=\"https:\/\/www.gonzaloanaya.com\/es\/2025\/10\/17\/ya-puedes-presentar-la-candidatura-del-ampa\/\" \/>\n<meta property=\"og:locale\" content=\"es_ES\" \/>\n<meta property=\"og:type\" content=\"article\" \/>\n<meta property=\"og:title\" content=\"Ya puedes presentar la candidatura del AMPA | Gonzalo Anaya\" \/>\n<meta property=\"og:description\" content=\"Recuerda rellenar todos los datos en la ficha oficial de presentaci\u00f3n de la candidatura (puedes descargar el Anexo IV-B1 abajo). Indica que la tuya AMPA pertenece a FAMPA Castell\u00f3 Penyagolosa, FAMPA-Val\u00e8ncia o FAMPA Enric Valor y a la C.Gonzalo Anaya Entrega la ficha anexo IV-B1 en tu centro educativo ( hasta el 3 de noviembre). Ahora que ya ten\u00e9is claro que quer\u00e9is ser candidatos y candidatas del AMPA a las elecciones a consejos escoalares de centro, os compartimos todos los materiales necesarios. Vos compartim el manual de formaci\u00f3 de consells escolars.\" \/>\n<meta property=\"og:url\" content=\"https:\/\/www.gonzaloanaya.com\/es\/2025\/10\/17\/ya-puedes-presentar-la-candidatura-del-ampa\/\" \/>\n<meta property=\"og:site_name\" content=\"Gonzalo Anaya\" \/>\n<meta property=\"article:publisher\" content=\"https:\/\/www.facebook.com\/confederacio.gonzaloanaya\" \/>\n<meta property=\"article:published_time\" content=\"2025-10-17T12:04:48+00:00\" \/>\n<meta property=\"article:modified_time\" content=\"2025-10-17T12:06:41+00:00\" \/>\n<meta property=\"og:image\" content=\"https:\/\/www.gonzaloanaya.com\/wp-content\/uploads\/2025\/10\/soycandidato_AMPA.png\" \/>\n\t<meta property=\"og:image:width\" content=\"940\" \/>\n\t<meta property=\"og:image:height\" content=\"788\" \/>\n\t<meta property=\"og:image:type\" content=\"image\/png\" \/>\n<meta name=\"author\" content=\"Gonzalo Anaya\" \/>\n<meta name=\"twitter:card\" content=\"summary\" \/>\n<meta name=\"twitter:label1\" content=\"Escrito por\" \/>\n\t<meta name=\"twitter:data1\" content=\"Gonzalo Anaya\" \/>\n\t<meta name=\"twitter:label2\" content=\"Tiempo de lectura\" \/>\n\t<meta name=\"twitter:data2\" content=\"2 minutos\" \/>\n<script type=\"application\/ld+json\" class=\"yoast-schema-graph\">{\"@context\":\"https:\/\/schema.org\",\"@graph\":[{\"@type\":\"WebSite\",\"@id\":\"https:\/\/www.gonzaloanaya.com\/es\/#website\",\"url\":\"https:\/\/www.gonzaloanaya.com\/es\/\",\"name\":\"Gonzalo Anaya\",\"description\":\"Confederaci\u00f3n de Asociaciones de Padres y Madres de Alumnos de la Comunidad Valenciana \\\"Gonzalo Anaya\\\" \",\"potentialAction\":[{\"@type\":\"SearchAction\",\"target\":{\"@type\":\"EntryPoint\",\"urlTemplate\":\"https:\/\/www.gonzaloanaya.com\/es\/?s={search_term_string}\"},\"query-input\":\"required name=search_term_string\"}],\"inLanguage\":\"es\"},{\"@type\":\"ImageObject\",\"inLanguage\":\"es\",\"@id\":\"https:\/\/www.gonzaloanaya.com\/es\/2025\/10\/17\/ya-puedes-presentar-la-candidatura-del-ampa\/#primaryimage\",\"url\":\"https:\/\/www.gonzaloanaya.com\/wp-content\/uploads\/2025\/10\/soycandidato_AMPA.png\",\"contentUrl\":\"https:\/\/www.gonzaloanaya.com\/wp-content\/uploads\/2025\/10\/soycandidato_AMPA.png\",\"width\":940,\"height\":788},{\"@type\":\"WebPage\",\"@id\":\"https:\/\/www.gonzaloanaya.com\/es\/2025\/10\/17\/ya-puedes-presentar-la-candidatura-del-ampa\/#webpage\",\"url\":\"https:\/\/www.gonzaloanaya.com\/es\/2025\/10\/17\/ya-puedes-presentar-la-candidatura-del-ampa\/\",\"name\":\"Ya puedes presentar la candidatura del AMPA | Gonzalo Anaya\",\"isPartOf\":{\"@id\":\"https:\/\/www.gonzaloanaya.com\/es\/#website\"},\"primaryImageOfPage\":{\"@id\":\"https:\/\/www.gonzaloanaya.com\/es\/2025\/10\/17\/ya-puedes-presentar-la-candidatura-del-ampa\/#primaryimage\"},\"datePublished\":\"2025-10-17T12:04:48+00:00\",\"dateModified\":\"2025-10-17T12:06:41+00:00\",\"author\":{\"@id\":\"https:\/\/www.gonzaloanaya.com\/es\/#\/schema\/person\/d8c15b9dc3faa865aedb2546bd9f80b8\"},\"breadcrumb\":{\"@id\":\"https:\/\/www.gonzaloanaya.com\/es\/2025\/10\/17\/ya-puedes-presentar-la-candidatura-del-ampa\/#breadcrumb\"},\"inLanguage\":\"es\",\"potentialAction\":[{\"@type\":\"ReadAction\",\"target\":[\"https:\/\/www.gonzaloanaya.com\/es\/2025\/10\/17\/ya-puedes-presentar-la-candidatura-del-ampa\/\"]}]},{\"@type\":\"BreadcrumbList\",\"@id\":\"https:\/\/www.gonzaloanaya.com\/es\/2025\/10\/17\/ya-puedes-presentar-la-candidatura-del-ampa\/#breadcrumb\",\"itemListElement\":[{\"@type\":\"ListItem\",\"position\":1,\"name\":\"Inici\",\"item\":\"https:\/\/www.gonzaloanaya.com\/es\/\"},{\"@type\":\"ListItem\",\"position\":2,\"name\":\"Ya puedes presentar la candidatura del AMPA\"}]},{\"@type\":\"Person\",\"@id\":\"https:\/\/www.gonzaloanaya.com\/es\/#\/schema\/person\/d8c15b9dc3faa865aedb2546bd9f80b8\",\"name\":\"Gonzalo Anaya\",\"image\":{\"@type\":\"ImageObject\",\"inLanguage\":\"es\",\"@id\":\"https:\/\/www.gonzaloanaya.com\/es\/#\/schema\/person\/image\/\",\"url\":\"https:\/\/secure.gravatar.com\/avatar\/f76811ed77bbc23341618522f4177145?s=96&d=mm&r=g\",\"contentUrl\":\"https:\/\/secure.gravatar.com\/avatar\/f76811ed77bbc23341618522f4177145?s=96&d=mm&r=g\",\"caption\":\"Gonzalo Anaya\"},\"sameAs\":[\"http:\/\/www.gonzaloanaya.com\"],\"url\":\"https:\/\/www.gonzaloanaya.com\/es\/author\/gonzalo-anaya\/\"}]}<\/script>\n<!-- \/ Yoast SEO plugin. -->","yoast_head_json":{"title":"Ya puedes presentar la candidatura del AMPA | Gonzalo Anaya","robots":{"index":"index","follow":"follow","max-snippet":"max-snippet:-1","max-image-preview":"max-image-preview:large","max-video-preview":"max-video-preview:-1"},"canonical":"https:\/\/www.gonzaloanaya.com\/es\/2025\/10\/17\/ya-puedes-presentar-la-candidatura-del-ampa\/","og_locale":"es_ES","og_type":"article","og_title":"Ya puedes presentar la candidatura del AMPA | Gonzalo Anaya","og_description":"Recuerda rellenar todos los datos en la ficha oficial de presentaci\u00f3n de la candidatura (puedes descargar el Anexo IV-B1 abajo). Indica que la tuya AMPA pertenece a FAMPA Castell\u00f3 Penyagolosa, FAMPA-Val\u00e8ncia o FAMPA Enric Valor y a la C.Gonzalo Anaya Entrega la ficha anexo IV-B1 en tu centro educativo ( hasta el 3 de noviembre). Ahora que ya ten\u00e9is claro que quer\u00e9is ser candidatos y candidatas del AMPA a las elecciones a consejos escoalares de centro, os compartimos todos los materiales necesarios. Vos compartim el manual de formaci\u00f3 de consells escolars.","og_url":"https:\/\/www.gonzaloanaya.com\/es\/2025\/10\/17\/ya-puedes-presentar-la-candidatura-del-ampa\/","og_site_name":"Gonzalo Anaya","article_publisher":"https:\/\/www.facebook.com\/confederacio.gonzaloanaya","article_published_time":"2025-10-17T12:04:48+00:00","article_modified_time":"2025-10-17T12:06:41+00:00","og_image":[{"width":940,"height":788,"url":"https:\/\/www.gonzaloanaya.com\/wp-content\/uploads\/2025\/10\/soycandidato_AMPA.png","type":"image\/png"}],"author":"Gonzalo Anaya","twitter_card":"summary","twitter_misc":{"Escrito por":"Gonzalo Anaya","Tiempo de lectura":"2 minutos"},"schema":{"@context":"https:\/\/schema.org","@graph":[{"@type":"WebSite","@id":"https:\/\/www.gonzaloanaya.com\/es\/#website","url":"https:\/\/www.gonzaloanaya.com\/es\/","name":"Gonzalo Anaya","description":"Confederaci\u00f3n de Asociaciones de Padres y Madres de Alumnos de la Comunidad Valenciana \"Gonzalo Anaya\" ","potentialAction":[{"@type":"SearchAction","target":{"@type":"EntryPoint","urlTemplate":"https:\/\/www.gonzaloanaya.com\/es\/?s={search_term_string}"},"query-input":"required name=search_term_string"}],"inLanguage":"es"},{"@type":"ImageObject","inLanguage":"es","@id":"https:\/\/www.gonzaloanaya.com\/es\/2025\/10\/17\/ya-puedes-presentar-la-candidatura-del-ampa\/#primaryimage","url":"https:\/\/www.gonzaloanaya.com\/wp-content\/uploads\/2025\/10\/soycandidato_AMPA.png","contentUrl":"https:\/\/www.gonzaloanaya.com\/wp-content\/uploads\/2025\/10\/soycandidato_AMPA.png","width":940,"height":788},{"@type":"WebPage","@id":"https:\/\/www.gonzaloanaya.com\/es\/2025\/10\/17\/ya-puedes-presentar-la-candidatura-del-ampa\/#webpage","url":"https:\/\/www.gonzaloanaya.com\/es\/2025\/10\/17\/ya-puedes-presentar-la-candidatura-del-ampa\/","name":"Ya puedes presentar la candidatura del AMPA | Gonzalo Anaya","isPartOf":{"@id":"https:\/\/www.gonzaloanaya.com\/es\/#website"},"primaryImageOfPage":{"@id":"https:\/\/www.gonzaloanaya.com\/es\/2025\/10\/17\/ya-puedes-presentar-la-candidatura-del-ampa\/#primaryimage"},"datePublished":"2025-10-17T12:04:48+00:00","dateModified":"2025-10-17T12:06:41+00:00","author":{"@id":"https:\/\/www.gonzaloanaya.com\/es\/#\/schema\/person\/d8c15b9dc3faa865aedb2546bd9f80b8"},"breadcrumb":{"@id":"https:\/\/www.gonzaloanaya.com\/es\/2025\/10\/17\/ya-puedes-presentar-la-candidatura-del-ampa\/#breadcrumb"},"inLanguage":"es","potentialAction":[{"@type":"ReadAction","target":["https:\/\/www.gonzaloanaya.com\/es\/2025\/10\/17\/ya-puedes-presentar-la-candidatura-del-ampa\/"]}]},{"@type":"BreadcrumbList","@id":"https:\/\/www.gonzaloanaya.com\/es\/2025\/10\/17\/ya-puedes-presentar-la-candidatura-del-ampa\/#breadcrumb","itemListElement":[{"@type":"ListItem","position":1,"name":"Inici","item":"https:\/\/www.gonzaloanaya.com\/es\/"},{"@type":"ListItem","position":2,"name":"Ya puedes presentar la candidatura del AMPA"}]},{"@type":"Person","@id":"https:\/\/www.gonzaloanaya.com\/es\/#\/schema\/person\/d8c15b9dc3faa865aedb2546bd9f80b8","name":"Gonzalo Anaya","image":{"@type":"ImageObject","inLanguage":"es","@id":"https:\/\/www.gonzaloanaya.com\/es\/#\/schema\/person\/image\/","url":"https:\/\/secure.gravatar.com\/avatar\/f76811ed77bbc23341618522f4177145?s=96&d=mm&r=g","contentUrl":"https:\/\/secure.gravatar.com\/avatar\/f76811ed77bbc23341618522f4177145?s=96&d=mm&r=g","caption":"Gonzalo Anaya"},"sameAs":["http:\/\/www.gonzaloanaya.com"],"url":"https:\/\/www.gonzaloanaya.com\/es\/author\/gonzalo-anaya\/"}]}},"_links":{"self":[{"href":"https:\/\/www.gonzaloanaya.com\/es\/wp-json\/wp\/v2\/posts\/12029"}],"collection":[{"href":"https:\/\/www.gonzaloanaya.com\/es\/wp-json\/wp\/v2\/posts"}],"about":[{"href":"https:\/\/www.gonzaloanaya.com\/es\/wp-json\/wp\/v2\/types\/post"}],"author":[{"embeddable":true,"href":"https:\/\/www.gonzaloanaya.com\/es\/wp-json\/wp\/v2\/users\/5"}],"replies":[{"embeddable":true,"href":"https:\/\/www.gonzaloanaya.com\/es\/wp-json\/wp\/v2\/comments?post=12029"}],"version-history":[{"count":2,"href":"https:\/\/www.gonzaloanaya.com\/es\/wp-json\/wp\/v2\/posts\/12029\/revisions"}],"predecessor-version":[{"id":12035,"href":"https:\/\/www.gonzaloanaya.com\/es\/wp-json\/wp\/v2\/posts\/12029\/revisions\/12035"}],"wp:featuredmedia":[{"embeddable":true,"href":"https:\/\/www.gonzaloanaya.com\/es\/wp-json\/wp\/v2\/media\/12030"}],"wp:attachment":[{"href":"https:\/\/www.gonzaloanaya.com\/es\/wp-json\/wp\/v2\/media?parent=12029"}],"wp:term":[{"taxonomy":"category","embeddable":true,"href":"https:\/\/www.gonzaloanaya.com\/es\/wp-json\/wp\/v2\/categories?post=12029"},{"taxonomy":"post_tag","embeddable":true,"href":"https:\/\/www.gonzaloanaya.com\/es\/wp-json\/wp\/v2\/tags?post=12029"}],"curies":[{"name":"wp","href":"https:\/\/api.w.org\/{rel}","templated":true}]}}