{"id":9385,"date":"2021-09-09T12:59:27","date_gmt":"2021-09-09T11:59:27","guid":{"rendered":"http:\/\/www.gonzaloanaya.com\/es\/?p=9385"},"modified":"2021-09-09T12:59:27","modified_gmt":"2021-09-09T11:59:27","slug":"confederacion-ampa-gonzalo-anaya-insta-todas-las-instancias-responsables-luchar-contra-absentismo-escolar","status":"publish","type":"post","link":"http:\/\/www.gonzaloanaya.com\/es\/2021\/09\/09\/confederacion-ampa-gonzalo-anaya-insta-todas-las-instancias-responsables-luchar-contra-absentismo-escolar\/","title":{"rendered":"La Confederaci\u00f3n de AMPA Gonzalo Anaya insta a todas las instancias responsables a luchar contra el absentismo escolar"},"content":{"rendered":"<p><strong>\u2022 Rub\u00e9n Pacheco, presidente de la confederaci\u00f3n Gonzalo Anaya: \u201cHacemos un llamamiento a toda la comunidad educativa para revertir el absentismo escolar como un efecto de la pandemia\u201d.<\/strong><\/p>\n<p><strong>\u2022 Cosme Jos\u00e9 Herranz, director del CEIP Profesor Tierno Galv\u00e1n: \u201cLos centros educativos son los principales garantes para que se respeten los derechos de la infancia y como hacemos en el Puerto de Sagunto estamos alerta para actuar con los mecanismos de detecci\u00f3n, apoyo e intervenci\u00f3n para lograr el absentismo cero\u201d.<\/strong><\/p>\n<p><strong>\u2022 Bego\u00f1a D\u00edez, portavoz de la AMPA del CEIP Profesor Tierno Galv\u00e1n: \u201cHay que velar porque todas las ni\u00f1as y todos los ni\u00f1os tengan las mismas oportunidades educativas\u201d.<\/strong><\/p>\n<p>08\/09\/2021. La Confederaci\u00f3n de AMPA Gonzalo Anaya ha empezado el curso 2021-2022 con una rueda de prensa a las puertas del CEIP Profesor Tierno Galv\u00e1n (Puerto de Sagunto); una escuela escogida por no tener absentismo escolar y que, junto a los centros educativos de Sagunto y el ayuntamiento, trabaja activamente, a trav\u00e9s de un reglamento y protocolo muy efectivo para actuar cuando un escolar no asiste a clase.<img loading=\"lazy\" class=\"alignright size-medium wp-image-9381\" src=\"http:\/\/www.gonzaloanaya.com\/wp-content\/uploads\/2021\/09\/cartel_RRSS_B-300x300.jpg\" alt=\"cartel_RRSS_B\" width=\"300\" height=\"300\" srcset=\"http:\/\/www.gonzaloanaya.com\/wp-content\/uploads\/2021\/09\/cartel_RRSS_B-300x300.jpg 300w, http:\/\/www.gonzaloanaya.com\/wp-content\/uploads\/2021\/09\/cartel_RRSS_B-150x150.jpg 150w, http:\/\/www.gonzaloanaya.com\/wp-content\/uploads\/2021\/09\/cartel_RRSS_B-768x768.jpg 768w, http:\/\/www.gonzaloanaya.com\/wp-content\/uploads\/2021\/09\/cartel_RRSS_B-1024x1024.jpg 1024w, http:\/\/www.gonzaloanaya.com\/wp-content\/uploads\/2021\/09\/cartel_RRSS_B-146x146.jpg 146w, http:\/\/www.gonzaloanaya.com\/wp-content\/uploads\/2021\/09\/cartel_RRSS_B-50x50.jpg 50w, http:\/\/www.gonzaloanaya.com\/wp-content\/uploads\/2021\/09\/cartel_RRSS_B-80x80.jpg 80w, http:\/\/www.gonzaloanaya.com\/wp-content\/uploads\/2021\/09\/cartel_RRSS_B-75x75.jpg 75w, http:\/\/www.gonzaloanaya.com\/wp-content\/uploads\/2021\/09\/cartel_RRSS_B-85x85.jpg 85w, http:\/\/www.gonzaloanaya.com\/wp-content\/uploads\/2021\/09\/cartel_RRSS_B.jpg 1200w\" sizes=\"(max-width: 300px) 100vw, 300px\" \/><br \/>\nCon este centro como ejemplo y aprovechando la vuelta a la presencialidad total en todas las etapas educativas, el presidente de la Confederaci\u00f3n Gonzalo Anaya Rub\u00e9n Pacheco ha hecho un llamamiento a luchar contra el absentismo escolar como efecto de la crisis sanitaria. Es por eso que desde la organizaci\u00f3n integrada por FAMPA Castell\u00f3 Penyagolosa, FAMPA-Val\u00e8ncia y FAMPA Enric Valor Alicante y las 1080 asociaciones de madres y padres de alumnos federades, se han dirigido a todas las instancias y, principalmente, a los ayuntamientos, a los centros educativos y a los equipos sociales de todo el territorio valenciano para trabajar conjuntamente y intensificar la vigilancia sobre el absentismo escolar y cumplir con efectividad todas las competencias y responsabilidades en la materia para evitar que ning\u00fan escolar se quede en casa durante la jornada escolar.<br \/>\nEn la rueda de prensa se ha compartido la preocupaci\u00f3n por trabajar por el \u00e9xito educativo de todo el alumnado y por los efectos sobre los escolares que deja la pandemia. \u201cConseguiremos superar la pandemia cuando curemos todas las heridas sociales, emocionales, culturales y econ\u00f3micas que nos ha tra\u00eddo el COVID-19 y que son tambi\u00e9n causa del absentismo escolar\u201d, ha se\u00f1alado Rub\u00e9n Pacheco.<\/p>\n<p>De este modo y desde el Puerto de Sagunto como referente de lucha contra el absentismo escolar, el director del CEIP Profesor Tierno Galv\u00e1n ha destacado la comunidad educativa de Sagunto \u201cpor estar muy concienciada y ser proactiva\u201d y \u201cpor la tarea tan importante del equipo municipal de Educaci\u00f3n del Ayuntamiento de Sagunto en la intervenci\u00f3n ante el absentismo escolar\u201d; una lucha que, como ha destacado la vicepresidenta de la AMPA CEIP Tierno Galv\u00e1n Bego\u00f1a D\u00edaz persigue que \u201ctodos y todas las ni\u00f1as y ni\u00f1os tengan las mismas oportunidades educativas y que ning\u00fan escolar se quede en casa\u201d.<br \/>\nRub\u00e9n Pacheco ha agradecido la acogida de la rueda de prensa al equipo directivo y a lal AMPA y, a continuaci\u00f3n, ha compartido las propuestas de la Confederaci\u00f3n Gonzalo Anaya para luchar contra el absentismo escolar:<\/p>\n<p>\u2022 Mejorar la coordinaci\u00f3n con una instrucci\u00f3n conjunta para los profesionales implicados en paliar el absentismo escolar. En este punto, insistimos en la necesidad de la coordinaci\u00f3n entre equipos sociales de base, el orientador\/a de centro, el equipo docente y el equipo directivo. Habr\u00eda que crear una \u00fanica instrucci\u00f3n dirigida a los equipos docentes y directivos y a los equipos sociales base de los Ayuntamientos para actuar\/intervenir ante el absentismo desde el aula hasta los Servicios Sociales Municipales.<br \/>\n\u2022 Educador\/a social en los centros educativos. Las tareas que tienen que alcanzar tutores y tutoras para prevenir y hacer frente al absentismo escolar y a otras dificultades sociales de su alumnado (hacer notificaci\u00f3n a la familia, carta certificada, convocar a la familia, planificar y asumir los acuerdos en el compromiso) tienen que ir acompa\u00f1adas\/coordinadas por la figura del educador\/a social. La experiencia de la figura de educadoras sociales en los centros que ya tienen otras CCAA es muy positiva en ese sentido.<br \/>\n\u2022 Medidas educativas. Para trabajar y hacer frente al absentismo escolar, hacen falta tambi\u00e9n medidas educativas y cambios en las metodolog\u00edas y del curr\u00edculum escolar. No solo es un tema que afecta a Servicios sociales.<br \/>\n\u2022 Comisiones de Absentismo Escolar en los municipios. Estas comisiones tienen que tener una tarea mucho m\u00e1s activa y con otras competencias que las que suelen tener habitualmente y ser convocadas con m\u00e1s regularidad.<br \/>\n\u2022 Periodicidad CEM y obligatoriedad de informe de absentismo escolar. Ser\u00eda importante fijar cuando el Consejo Escolar Municipal tiene que tratar el tema del absentismo escolar (noviembre-febrero-junio) y, tendr\u00eda que ser obligatorio dar informaci\u00f3n sobre el Informe Absentismo Escolar en el municipio a las comisiones informativas de las sesiones plenarias.<\/p>\n","protected":false},"excerpt":{"rendered":"<p>\u2022 Rub\u00e9n Pacheco, presidente de la confederaci\u00f3n Gonzalo Anaya: \u201cHacemos un llamamiento a toda la comunidad educativa para revertir el absentismo escolar como un efecto de la pandemia\u201d. \u2022 Cosme Jos\u00e9 Herranz, director del CEIP Profesor Tierno Galv\u00e1n: \u201cLos centros educativos son los principales garantes para que se respeten los derechos de la infancia y como hacemos en el Puerto de Sagunto estamos alerta para actuar con los mecanismos de detecci\u00f3n, apoyo e intervenci\u00f3n para lograr el absentismo cero\u201d. \u2022 Bego\u00f1a D\u00edez, portavoz de la AMPA del CEIP Profesor Tierno Galv\u00e1n: \u201cHay que velar porque todas las ni\u00f1as y todos los ni\u00f1os tengan las mismas oportunidades educativas\u201d. 08\/09\/2021. La Confederaci\u00f3n de AMPA Gonzalo Anaya ha empezado el curso 2021-2022 con una rueda de prensa a las puertas del CEIP Profesor Tierno Galv\u00e1n (Puerto de Sagunto); una escuela escogida por no tener absentismo escolar y que, junto a los centros educativos de Sagunto y el ayuntamiento, trabaja activamente, a trav\u00e9s de un reglamento y protocolo muy efectivo para actuar cuando un escolar no asiste a clase. Con este centro como ejemplo y aprovechando la vuelta a la presencialidad total en todas las etapas educativas, el presidente de la Confederaci\u00f3n Gonzalo Anaya [&hellip;]<\/p>\n","protected":false},"author":5,"featured_media":9379,"comment_status":"closed","ping_status":"closed","sticky":false,"template":"","format":"standard","meta":[],"categories":[54],"tags":[],"yoast_head":"<!-- This site is optimized with the Yoast SEO plugin v19.2 - https:\/\/yoast.com\/wordpress\/plugins\/seo\/ -->\n<title>La Confederaci\u00f3n de AMPA Gonzalo Anaya insta a todas las instancias responsables a luchar contra el absentismo escolar | Gonzalo Anaya<\/title>\n<meta name=\"robots\" content=\"index, follow, max-snippet:-1, max-image-preview:large, max-video-preview:-1\" \/>\n<link rel=\"canonical\" href=\"http:\/\/www.gonzaloanaya.com\/es\/2021\/09\/09\/confederacion-ampa-gonzalo-anaya-insta-todas-las-instancias-responsables-luchar-contra-absentismo-escolar\/\" \/>\n<meta property=\"og:locale\" content=\"es_ES\" \/>\n<meta property=\"og:type\" content=\"article\" \/>\n<meta property=\"og:title\" content=\"La Confederaci\u00f3n de AMPA Gonzalo Anaya insta a todas las instancias responsables a luchar contra el absentismo escolar | Gonzalo Anaya\" \/>\n<meta property=\"og:description\" content=\"\u2022 Rub\u00e9n Pacheco, presidente de la confederaci\u00f3n Gonzalo Anaya: \u201cHacemos un llamamiento a toda la comunidad educativa para revertir el absentismo escolar como un efecto de la pandemia\u201d. \u2022 Cosme Jos\u00e9 Herranz, director del CEIP Profesor Tierno Galv\u00e1n: \u201cLos centros educativos son los principales garantes para que se respeten los derechos de la infancia y como hacemos en el Puerto de Sagunto estamos alerta para actuar con los mecanismos de detecci\u00f3n, apoyo e intervenci\u00f3n para lograr el absentismo cero\u201d. \u2022 Bego\u00f1a D\u00edez, portavoz de la AMPA del CEIP Profesor Tierno Galv\u00e1n: \u201cHay que velar porque todas las ni\u00f1as y todos los ni\u00f1os tengan las mismas oportunidades educativas\u201d. 08\/09\/2021. La Confederaci\u00f3n de AMPA Gonzalo Anaya ha empezado el curso 2021-2022 con una rueda de prensa a las puertas del CEIP Profesor Tierno Galv\u00e1n (Puerto de Sagunto); una escuela escogida por no tener absentismo escolar y que, junto a los centros educativos de Sagunto y el ayuntamiento, trabaja activamente, a trav\u00e9s de un reglamento y protocolo muy efectivo para actuar cuando un escolar no asiste a clase. Con este centro como ejemplo y aprovechando la vuelta a la presencialidad total en todas las etapas educativas, el presidente de la Confederaci\u00f3n Gonzalo Anaya [&hellip;]\" \/>\n<meta property=\"og:url\" content=\"http:\/\/www.gonzaloanaya.com\/es\/2021\/09\/09\/confederacion-ampa-gonzalo-anaya-insta-todas-las-instancias-responsables-luchar-contra-absentismo-escolar\/\" \/>\n<meta property=\"og:site_name\" content=\"Gonzalo Anaya\" \/>\n<meta property=\"article:publisher\" content=\"https:\/\/www.facebook.com\/confederacio.gonzaloanaya\" \/>\n<meta property=\"article:published_time\" content=\"2021-09-09T11:59:27+00:00\" \/>\n<meta property=\"og:image\" content=\"http:\/\/www.gonzaloanaya.com\/wp-content\/uploads\/2021\/09\/rodapremsa_Curs2122_absentismeescolarzero_ceiptiernogalvanportdesagunt_08092021-1024x699.jpg\" \/>\n\t<meta property=\"og:image:width\" content=\"1024\" \/>\n\t<meta property=\"og:image:height\" content=\"699\" \/>\n\t<meta property=\"og:image:type\" content=\"image\/jpeg\" \/>\n<meta name=\"author\" content=\"Gonzalo Anaya\" \/>\n<meta name=\"twitter:card\" content=\"summary\" \/>\n<meta name=\"twitter:label1\" content=\"Escrito por\" \/>\n\t<meta name=\"twitter:data1\" content=\"Gonzalo Anaya\" \/>\n\t<meta name=\"twitter:label2\" content=\"Tiempo de lectura\" \/>\n\t<meta name=\"twitter:data2\" content=\"4 minutos\" \/>\n<script type=\"application\/ld+json\" class=\"yoast-schema-graph\">{\"@context\":\"https:\/\/schema.org\",\"@graph\":[{\"@type\":\"WebSite\",\"@id\":\"https:\/\/www.gonzaloanaya.com\/es\/#website\",\"url\":\"https:\/\/www.gonzaloanaya.com\/es\/\",\"name\":\"Gonzalo Anaya\",\"description\":\"Confederaci\u00f3n de Asociaciones de Padres y Madres de Alumnos de la Comunidad Valenciana \\\"Gonzalo Anaya\\\" \",\"potentialAction\":[{\"@type\":\"SearchAction\",\"target\":{\"@type\":\"EntryPoint\",\"urlTemplate\":\"https:\/\/www.gonzaloanaya.com\/es\/?s={search_term_string}\"},\"query-input\":\"required name=search_term_string\"}],\"inLanguage\":\"es\"},{\"@type\":\"ImageObject\",\"inLanguage\":\"es\",\"@id\":\"http:\/\/www.gonzaloanaya.com\/es\/2021\/09\/09\/confederacion-ampa-gonzalo-anaya-insta-todas-las-instancias-responsables-luchar-contra-absentismo-escolar\/#primaryimage\",\"url\":\"http:\/\/www.gonzaloanaya.com\/wp-content\/uploads\/2021\/09\/rodapremsa_Curs2122_absentismeescolarzero_ceiptiernogalvanportdesagunt_08092021.jpg\",\"contentUrl\":\"http:\/\/www.gonzaloanaya.com\/wp-content\/uploads\/2021\/09\/rodapremsa_Curs2122_absentismeescolarzero_ceiptiernogalvanportdesagunt_08092021.jpg\",\"width\":4420,\"height\":3016},{\"@type\":\"WebPage\",\"@id\":\"http:\/\/www.gonzaloanaya.com\/es\/2021\/09\/09\/confederacion-ampa-gonzalo-anaya-insta-todas-las-instancias-responsables-luchar-contra-absentismo-escolar\/#webpage\",\"url\":\"http:\/\/www.gonzaloanaya.com\/es\/2021\/09\/09\/confederacion-ampa-gonzalo-anaya-insta-todas-las-instancias-responsables-luchar-contra-absentismo-escolar\/\",\"name\":\"La Confederaci\u00f3n de AMPA Gonzalo Anaya insta a todas las instancias responsables a luchar contra el absentismo escolar | Gonzalo Anaya\",\"isPartOf\":{\"@id\":\"https:\/\/www.gonzaloanaya.com\/es\/#website\"},\"primaryImageOfPage\":{\"@id\":\"http:\/\/www.gonzaloanaya.com\/es\/2021\/09\/09\/confederacion-ampa-gonzalo-anaya-insta-todas-las-instancias-responsables-luchar-contra-absentismo-escolar\/#primaryimage\"},\"datePublished\":\"2021-09-09T11:59:27+00:00\",\"dateModified\":\"2021-09-09T11:59:27+00:00\",\"author\":{\"@id\":\"https:\/\/www.gonzaloanaya.com\/es\/#\/schema\/person\/d8c15b9dc3faa865aedb2546bd9f80b8\"},\"breadcrumb\":{\"@id\":\"http:\/\/www.gonzaloanaya.com\/es\/2021\/09\/09\/confederacion-ampa-gonzalo-anaya-insta-todas-las-instancias-responsables-luchar-contra-absentismo-escolar\/#breadcrumb\"},\"inLanguage\":\"es\",\"potentialAction\":[{\"@type\":\"ReadAction\",\"target\":[\"http:\/\/www.gonzaloanaya.com\/es\/2021\/09\/09\/confederacion-ampa-gonzalo-anaya-insta-todas-las-instancias-responsables-luchar-contra-absentismo-escolar\/\"]}]},{\"@type\":\"BreadcrumbList\",\"@id\":\"http:\/\/www.gonzaloanaya.com\/es\/2021\/09\/09\/confederacion-ampa-gonzalo-anaya-insta-todas-las-instancias-responsables-luchar-contra-absentismo-escolar\/#breadcrumb\",\"itemListElement\":[{\"@type\":\"ListItem\",\"position\":1,\"name\":\"Inici\",\"item\":\"https:\/\/www.gonzaloanaya.com\/es\/\"},{\"@type\":\"ListItem\",\"position\":2,\"name\":\"La Confederaci\u00f3n de AMPA Gonzalo Anaya insta a todas las instancias responsables a luchar contra el absentismo escolar\"}]},{\"@type\":\"Person\",\"@id\":\"https:\/\/www.gonzaloanaya.com\/es\/#\/schema\/person\/d8c15b9dc3faa865aedb2546bd9f80b8\",\"name\":\"Gonzalo Anaya\",\"image\":{\"@type\":\"ImageObject\",\"inLanguage\":\"es\",\"@id\":\"https:\/\/www.gonzaloanaya.com\/es\/#\/schema\/person\/image\/\",\"url\":\"http:\/\/0.gravatar.com\/avatar\/f76811ed77bbc23341618522f4177145?s=96&d=mm&r=g\",\"contentUrl\":\"http:\/\/0.gravatar.com\/avatar\/f76811ed77bbc23341618522f4177145?s=96&d=mm&r=g\",\"caption\":\"Gonzalo Anaya\"},\"sameAs\":[\"http:\/\/www.gonzaloanaya.com\"],\"url\":\"http:\/\/www.gonzaloanaya.com\/es\/author\/gonzalo-anaya\/\"}]}<\/script>\n<!-- \/ Yoast SEO plugin. -->","yoast_head_json":{"title":"La Confederaci\u00f3n de AMPA Gonzalo Anaya insta a todas las instancias responsables a luchar contra el absentismo escolar | Gonzalo Anaya","robots":{"index":"index","follow":"follow","max-snippet":"max-snippet:-1","max-image-preview":"max-image-preview:large","max-video-preview":"max-video-preview:-1"},"canonical":"http:\/\/www.gonzaloanaya.com\/es\/2021\/09\/09\/confederacion-ampa-gonzalo-anaya-insta-todas-las-instancias-responsables-luchar-contra-absentismo-escolar\/","og_locale":"es_ES","og_type":"article","og_title":"La Confederaci\u00f3n de AMPA Gonzalo Anaya insta a todas las instancias responsables a luchar contra el absentismo escolar | Gonzalo Anaya","og_description":"\u2022 Rub\u00e9n Pacheco, presidente de la confederaci\u00f3n Gonzalo Anaya: \u201cHacemos un llamamiento a toda la comunidad educativa para revertir el absentismo escolar como un efecto de la pandemia\u201d. \u2022 Cosme Jos\u00e9 Herranz, director del CEIP Profesor Tierno Galv\u00e1n: \u201cLos centros educativos son los principales garantes para que se respeten los derechos de la infancia y como hacemos en el Puerto de Sagunto estamos alerta para actuar con los mecanismos de detecci\u00f3n, apoyo e intervenci\u00f3n para lograr el absentismo cero\u201d. \u2022 Bego\u00f1a D\u00edez, portavoz de la AMPA del CEIP Profesor Tierno Galv\u00e1n: \u201cHay que velar porque todas las ni\u00f1as y todos los ni\u00f1os tengan las mismas oportunidades educativas\u201d. 08\/09\/2021. La Confederaci\u00f3n de AMPA Gonzalo Anaya ha empezado el curso 2021-2022 con una rueda de prensa a las puertas del CEIP Profesor Tierno Galv\u00e1n (Puerto de Sagunto); una escuela escogida por no tener absentismo escolar y que, junto a los centros educativos de Sagunto y el ayuntamiento, trabaja activamente, a trav\u00e9s de un reglamento y protocolo muy efectivo para actuar cuando un escolar no asiste a clase. Con este centro como ejemplo y aprovechando la vuelta a la presencialidad total en todas las etapas educativas, el presidente de la Confederaci\u00f3n Gonzalo Anaya [&hellip;]","og_url":"http:\/\/www.gonzaloanaya.com\/es\/2021\/09\/09\/confederacion-ampa-gonzalo-anaya-insta-todas-las-instancias-responsables-luchar-contra-absentismo-escolar\/","og_site_name":"Gonzalo Anaya","article_publisher":"https:\/\/www.facebook.com\/confederacio.gonzaloanaya","article_published_time":"2021-09-09T11:59:27+00:00","og_image":[{"width":1024,"height":699,"url":"http:\/\/www.gonzaloanaya.com\/wp-content\/uploads\/2021\/09\/rodapremsa_Curs2122_absentismeescolarzero_ceiptiernogalvanportdesagunt_08092021-1024x699.jpg","type":"image\/jpeg"}],"author":"Gonzalo Anaya","twitter_card":"summary","twitter_misc":{"Escrito por":"Gonzalo Anaya","Tiempo de lectura":"4 minutos"},"schema":{"@context":"https:\/\/schema.org","@graph":[{"@type":"WebSite","@id":"https:\/\/www.gonzaloanaya.com\/es\/#website","url":"https:\/\/www.gonzaloanaya.com\/es\/","name":"Gonzalo Anaya","description":"Confederaci\u00f3n de Asociaciones de Padres y Madres de Alumnos de la Comunidad Valenciana \"Gonzalo Anaya\" ","potentialAction":[{"@type":"SearchAction","target":{"@type":"EntryPoint","urlTemplate":"https:\/\/www.gonzaloanaya.com\/es\/?s={search_term_string}"},"query-input":"required name=search_term_string"}],"inLanguage":"es"},{"@type":"ImageObject","inLanguage":"es","@id":"http:\/\/www.gonzaloanaya.com\/es\/2021\/09\/09\/confederacion-ampa-gonzalo-anaya-insta-todas-las-instancias-responsables-luchar-contra-absentismo-escolar\/#primaryimage","url":"http:\/\/www.gonzaloanaya.com\/wp-content\/uploads\/2021\/09\/rodapremsa_Curs2122_absentismeescolarzero_ceiptiernogalvanportdesagunt_08092021.jpg","contentUrl":"http:\/\/www.gonzaloanaya.com\/wp-content\/uploads\/2021\/09\/rodapremsa_Curs2122_absentismeescolarzero_ceiptiernogalvanportdesagunt_08092021.jpg","width":4420,"height":3016},{"@type":"WebPage","@id":"http:\/\/www.gonzaloanaya.com\/es\/2021\/09\/09\/confederacion-ampa-gonzalo-anaya-insta-todas-las-instancias-responsables-luchar-contra-absentismo-escolar\/#webpage","url":"http:\/\/www.gonzaloanaya.com\/es\/2021\/09\/09\/confederacion-ampa-gonzalo-anaya-insta-todas-las-instancias-responsables-luchar-contra-absentismo-escolar\/","name":"La Confederaci\u00f3n de AMPA Gonzalo Anaya insta a todas las instancias responsables a luchar contra el absentismo escolar | Gonzalo Anaya","isPartOf":{"@id":"https:\/\/www.gonzaloanaya.com\/es\/#website"},"primaryImageOfPage":{"@id":"http:\/\/www.gonzaloanaya.com\/es\/2021\/09\/09\/confederacion-ampa-gonzalo-anaya-insta-todas-las-instancias-responsables-luchar-contra-absentismo-escolar\/#primaryimage"},"datePublished":"2021-09-09T11:59:27+00:00","dateModified":"2021-09-09T11:59:27+00:00","author":{"@id":"https:\/\/www.gonzaloanaya.com\/es\/#\/schema\/person\/d8c15b9dc3faa865aedb2546bd9f80b8"},"breadcrumb":{"@id":"http:\/\/www.gonzaloanaya.com\/es\/2021\/09\/09\/confederacion-ampa-gonzalo-anaya-insta-todas-las-instancias-responsables-luchar-contra-absentismo-escolar\/#breadcrumb"},"inLanguage":"es","potentialAction":[{"@type":"ReadAction","target":["http:\/\/www.gonzaloanaya.com\/es\/2021\/09\/09\/confederacion-ampa-gonzalo-anaya-insta-todas-las-instancias-responsables-luchar-contra-absentismo-escolar\/"]}]},{"@type":"BreadcrumbList","@id":"http:\/\/www.gonzaloanaya.com\/es\/2021\/09\/09\/confederacion-ampa-gonzalo-anaya-insta-todas-las-instancias-responsables-luchar-contra-absentismo-escolar\/#breadcrumb","itemListElement":[{"@type":"ListItem","position":1,"name":"Inici","item":"https:\/\/www.gonzaloanaya.com\/es\/"},{"@type":"ListItem","position":2,"name":"La Confederaci\u00f3n de AMPA Gonzalo Anaya insta a todas las instancias responsables a luchar contra el absentismo escolar"}]},{"@type":"Person","@id":"https:\/\/www.gonzaloanaya.com\/es\/#\/schema\/person\/d8c15b9dc3faa865aedb2546bd9f80b8","name":"Gonzalo Anaya","image":{"@type":"ImageObject","inLanguage":"es","@id":"https:\/\/www.gonzaloanaya.com\/es\/#\/schema\/person\/image\/","url":"http:\/\/0.gravatar.com\/avatar\/f76811ed77bbc23341618522f4177145?s=96&d=mm&r=g","contentUrl":"http:\/\/0.gravatar.com\/avatar\/f76811ed77bbc23341618522f4177145?s=96&d=mm&r=g","caption":"Gonzalo Anaya"},"sameAs":["http:\/\/www.gonzaloanaya.com"],"url":"http:\/\/www.gonzaloanaya.com\/es\/author\/gonzalo-anaya\/"}]}},"_links":{"self":[{"href":"http:\/\/www.gonzaloanaya.com\/es\/wp-json\/wp\/v2\/posts\/9385"}],"collection":[{"href":"http:\/\/www.gonzaloanaya.com\/es\/wp-json\/wp\/v2\/posts"}],"about":[{"href":"http:\/\/www.gonzaloanaya.com\/es\/wp-json\/wp\/v2\/types\/post"}],"author":[{"embeddable":true,"href":"http:\/\/www.gonzaloanaya.com\/es\/wp-json\/wp\/v2\/users\/5"}],"replies":[{"embeddable":true,"href":"http:\/\/www.gonzaloanaya.com\/es\/wp-json\/wp\/v2\/comments?post=9385"}],"version-history":[{"count":1,"href":"http:\/\/www.gonzaloanaya.com\/es\/wp-json\/wp\/v2\/posts\/9385\/revisions"}],"predecessor-version":[{"id":9386,"href":"http:\/\/www.gonzaloanaya.com\/es\/wp-json\/wp\/v2\/posts\/9385\/revisions\/9386"}],"wp:featuredmedia":[{"embeddable":true,"href":"http:\/\/www.gonzaloanaya.com\/es\/wp-json\/wp\/v2\/media\/9379"}],"wp:attachment":[{"href":"http:\/\/www.gonzaloanaya.com\/es\/wp-json\/wp\/v2\/media?parent=9385"}],"wp:term":[{"taxonomy":"category","embeddable":true,"href":"http:\/\/www.gonzaloanaya.com\/es\/wp-json\/wp\/v2\/categories?post=9385"},{"taxonomy":"post_tag","embeddable":true,"href":"http:\/\/www.gonzaloanaya.com\/es\/wp-json\/wp\/v2\/tags?post=9385"}],"curies":[{"name":"wp","href":"https:\/\/api.w.org\/{rel}","templated":true}]}}