{"id":7159,"date":"2019-05-02T09:13:17","date_gmt":"2019-05-02T08:13:17","guid":{"rendered":"http:\/\/www.gonzaloanaya.com\/es\/?p=7159"},"modified":"2019-05-02T09:13:17","modified_gmt":"2019-05-02T08:13:17","slug":"lanzamos-campana-trielapublica-para-fomentar-matricula-centros-publicos","status":"publish","type":"post","link":"http:\/\/www.gonzaloanaya.com\/es\/2019\/05\/02\/lanzamos-campana-trielapublica-para-fomentar-matricula-centros-publicos\/","title":{"rendered":"Lanzamos la campa\u00f1a #Trielap\u00fablica para fomentar la matr\u00edcula en centros p\u00fablicos"},"content":{"rendered":"<p><strong>\u201cLa\u00a0 escuela p\u00fablica es la mejor opci\u00f3n para escolarizar los ni\u00f1os y las ni\u00f1as\u201d<\/strong><\/p>\n<p>La Confederaci\u00f3n de AMPA del Pa\u00eds Valenciano Gonzalo Anaya ha iniciado la campa\u00f1a #Trielapublica, para fomentar la matr\u00edcula en la escuela p\u00fablica de cara al inicio del proceso de matriculaci\u00f3n, que se abrir\u00e1 el pr\u00f3ximo 9 de mayo a los centros de Infantil y Primaria y el 21 de mayo para la ESO y Bachillerato.<\/p>\n<p>Para la Confederaci\u00f3n mayoritaria, que aglutina a m\u00e1s de un millar de AMPA de Alicante, Castell\u00f3 y Valencia, \u201cla escuela p\u00fablica es la mejor opci\u00f3n posible para escolarizar los ni\u00f1os y las ni\u00f1as\u201d. La red p\u00fablica, destacan, permite a las familias conocer el d\u00eda a d\u00eda del centro y participar en las actividades y en la organizaci\u00f3n del curso escolar a trav\u00e9s, por ejemplo, del Consejo Escolar de Centro, donde participan en el estudio y propuesta de soluciones sobre aspectos que preocupan en el centro educativo, como por ejemplo el comedor escolar, los bancos de libros, la organizaci\u00f3n del patio escolar y de los tiempos de ocio, la jornada escolar, la formaci\u00f3n de grupos interactivos, etc.<\/p>\n<p>Tambi\u00e9n se\u00f1alan que los centros p\u00fablicos valencianos son cada vez m\u00e1s inclusivos y tienen m\u00e1s en cuenta los valores que reporta la diversidad cultural a las aulas. Son coeducativos y fomentan la igualdad entre ni\u00f1os y ni\u00f1as. Cuentan con maestros y con especialistas que facilitan el aprendizaje del alumnado que presenta alg\u00fan tipo de dificultad. Por el contrario, \u201cesto no se garantiza en la mayor\u00eda de los centros concertados\u201d, advierten. \u201cPor eso nuestra Confederaci\u00f3n defiende una red \u00fanica de titularidad p\u00fablica\u201d, a\u00f1ade el presidente de la Confederaci\u00f3n, Txomin Ang\u00f3s.<\/p>\n<p>La educaci\u00f3n de calidad a los centros de titularidad p\u00fablica tambi\u00e9n est\u00e1 garantizada porque cuentan con docentes que han estado convenientemente formados y que han conseguido su plaza por medio de una oposici\u00f3n p\u00fablica y est\u00e1n sometidos al control de la Administraci\u00f3n p\u00fablica; porque basan sus proyectos educativos en la equidad, en la no discriminaci\u00f3n y en el respeto por la cultura propia, con el aprendizaje de nuestra lengua as\u00ed como del castellano y otras lenguas extranjeras, remarca.<\/p>\n<p>Todas estas caracter\u00edsticas son posibles hoy en d\u00eda gracias a la lucha de las familias a trav\u00e9s de las AMPA, recuerdan desde la Confederaci\u00f3n. En este sentido, hitos como la progresiva reducci\u00f3n de ratios, la creaci\u00f3n de los bancos de libros, el apertura de las escuelas a la comunidad educativa, la apuesta por la mejora de la alimentaci\u00f3n a los comedores escolares o la creaci\u00f3n de centros m\u00e1s inclusivos, diversos y coeducativos, hay que atribuirlas en gran parte a la implicaci\u00f3n, cada vez mayor, de las familias. Desde la Confederaci\u00f3n Gonzalo Anaya constatan los beneficios que genera la entrada de las familias a la escuela y reclaman un papel cada vez mayor para estas, en contra del que marca la LOMCE. \u201cPorque juntas, como comunidad educativa, sumamos\u201d, asegura.<\/p>\n","protected":false},"excerpt":{"rendered":"<p>\u201cLa\u00a0 escuela p\u00fablica es la mejor opci\u00f3n para escolarizar los ni\u00f1os y las ni\u00f1as\u201d La Confederaci\u00f3n de AMPA del Pa\u00eds Valenciano Gonzalo Anaya ha iniciado la campa\u00f1a #Trielapublica, para fomentar la matr\u00edcula en la escuela p\u00fablica de cara al inicio del proceso de matriculaci\u00f3n, que se abrir\u00e1 el pr\u00f3ximo 9 de mayo a los centros de Infantil y Primaria y el 21 de mayo para la ESO y Bachillerato. Para la Confederaci\u00f3n mayoritaria, que aglutina a m\u00e1s de un millar de AMPA de Alicante, Castell\u00f3 y Valencia, \u201cla escuela p\u00fablica es la mejor opci\u00f3n posible para escolarizar los ni\u00f1os y las ni\u00f1as\u201d. La red p\u00fablica, destacan, permite a las familias conocer el d\u00eda a d\u00eda del centro y participar en las actividades y en la organizaci\u00f3n del curso escolar a trav\u00e9s, por ejemplo, del Consejo Escolar de Centro, donde participan en el estudio y propuesta de soluciones sobre aspectos que preocupan en el centro educativo, como por ejemplo el comedor escolar, los bancos de libros, la organizaci\u00f3n del patio escolar y de los tiempos de ocio, la jornada escolar, la formaci\u00f3n de grupos interactivos, etc. Tambi\u00e9n se\u00f1alan que los centros p\u00fablicos valencianos son cada vez m\u00e1s inclusivos y tienen m\u00e1s [&hellip;]<\/p>\n","protected":false},"author":5,"featured_media":7150,"comment_status":"closed","ping_status":"closed","sticky":false,"template":"","format":"standard","meta":[],"categories":[54],"tags":[],"yoast_head":"<!-- This site is optimized with the Yoast SEO plugin v19.2 - https:\/\/yoast.com\/wordpress\/plugins\/seo\/ -->\n<title>Lanzamos la campa\u00f1a #Trielap\u00fablica para fomentar la matr\u00edcula en centros p\u00fablicos | Gonzalo Anaya<\/title>\n<meta name=\"robots\" content=\"index, follow, max-snippet:-1, max-image-preview:large, max-video-preview:-1\" \/>\n<link rel=\"canonical\" href=\"https:\/\/www.gonzaloanaya.com\/es\/2019\/05\/02\/lanzamos-campana-trielapublica-para-fomentar-matricula-centros-publicos\/\" \/>\n<meta property=\"og:locale\" content=\"es_ES\" \/>\n<meta property=\"og:type\" content=\"article\" \/>\n<meta property=\"og:title\" content=\"Lanzamos la campa\u00f1a #Trielap\u00fablica para fomentar la matr\u00edcula en centros p\u00fablicos | Gonzalo Anaya\" \/>\n<meta property=\"og:description\" content=\"\u201cLa\u00a0 escuela p\u00fablica es la mejor opci\u00f3n para escolarizar los ni\u00f1os y las ni\u00f1as\u201d La Confederaci\u00f3n de AMPA del Pa\u00eds Valenciano Gonzalo Anaya ha iniciado la campa\u00f1a #Trielapublica, para fomentar la matr\u00edcula en la escuela p\u00fablica de cara al inicio del proceso de matriculaci\u00f3n, que se abrir\u00e1 el pr\u00f3ximo 9 de mayo a los centros de Infantil y Primaria y el 21 de mayo para la ESO y Bachillerato. Para la Confederaci\u00f3n mayoritaria, que aglutina a m\u00e1s de un millar de AMPA de Alicante, Castell\u00f3 y Valencia, \u201cla escuela p\u00fablica es la mejor opci\u00f3n posible para escolarizar los ni\u00f1os y las ni\u00f1as\u201d. La red p\u00fablica, destacan, permite a las familias conocer el d\u00eda a d\u00eda del centro y participar en las actividades y en la organizaci\u00f3n del curso escolar a trav\u00e9s, por ejemplo, del Consejo Escolar de Centro, donde participan en el estudio y propuesta de soluciones sobre aspectos que preocupan en el centro educativo, como por ejemplo el comedor escolar, los bancos de libros, la organizaci\u00f3n del patio escolar y de los tiempos de ocio, la jornada escolar, la formaci\u00f3n de grupos interactivos, etc. Tambi\u00e9n se\u00f1alan que los centros p\u00fablicos valencianos son cada vez m\u00e1s inclusivos y tienen m\u00e1s [&hellip;]\" \/>\n<meta property=\"og:url\" content=\"https:\/\/www.gonzaloanaya.com\/es\/2019\/05\/02\/lanzamos-campana-trielapublica-para-fomentar-matricula-centros-publicos\/\" \/>\n<meta property=\"og:site_name\" content=\"Gonzalo Anaya\" \/>\n<meta property=\"article:publisher\" content=\"https:\/\/www.facebook.com\/confederacio.gonzaloanaya\" \/>\n<meta property=\"article:published_time\" content=\"2019-05-02T08:13:17+00:00\" \/>\n<meta property=\"og:image\" content=\"https:\/\/www.gonzaloanaya.com\/wp-content\/uploads\/2019\/05\/banner-820x250c.jpg\" \/>\n\t<meta property=\"og:image:width\" content=\"820\" \/>\n\t<meta property=\"og:image:height\" content=\"250\" \/>\n\t<meta property=\"og:image:type\" content=\"image\/jpeg\" \/>\n<meta name=\"author\" content=\"Gonzalo Anaya\" \/>\n<meta name=\"twitter:card\" content=\"summary\" \/>\n<meta name=\"twitter:label1\" content=\"Escrito por\" \/>\n\t<meta name=\"twitter:data1\" content=\"Gonzalo Anaya\" \/>\n\t<meta name=\"twitter:label2\" content=\"Tiempo de lectura\" \/>\n\t<meta name=\"twitter:data2\" content=\"3 minutos\" \/>\n<script type=\"application\/ld+json\" class=\"yoast-schema-graph\">{\"@context\":\"https:\/\/schema.org\",\"@graph\":[{\"@type\":\"WebSite\",\"@id\":\"https:\/\/www.gonzaloanaya.com\/es\/#website\",\"url\":\"https:\/\/www.gonzaloanaya.com\/es\/\",\"name\":\"Gonzalo Anaya\",\"description\":\"Confederaci\u00f3n de Asociaciones de Padres y Madres de Alumnos de la Comunidad Valenciana \\\"Gonzalo Anaya\\\" \",\"potentialAction\":[{\"@type\":\"SearchAction\",\"target\":{\"@type\":\"EntryPoint\",\"urlTemplate\":\"https:\/\/www.gonzaloanaya.com\/es\/?s={search_term_string}\"},\"query-input\":\"required name=search_term_string\"}],\"inLanguage\":\"es\"},{\"@type\":\"ImageObject\",\"inLanguage\":\"es\",\"@id\":\"https:\/\/www.gonzaloanaya.com\/es\/2019\/05\/02\/lanzamos-campana-trielapublica-para-fomentar-matricula-centros-publicos\/#primaryimage\",\"url\":\"http:\/\/www.gonzaloanaya.com\/wp-content\/uploads\/2019\/05\/banner-820x250c.jpg\",\"contentUrl\":\"http:\/\/www.gonzaloanaya.com\/wp-content\/uploads\/2019\/05\/banner-820x250c.jpg\",\"width\":820,\"height\":250},{\"@type\":\"WebPage\",\"@id\":\"https:\/\/www.gonzaloanaya.com\/es\/2019\/05\/02\/lanzamos-campana-trielapublica-para-fomentar-matricula-centros-publicos\/#webpage\",\"url\":\"https:\/\/www.gonzaloanaya.com\/es\/2019\/05\/02\/lanzamos-campana-trielapublica-para-fomentar-matricula-centros-publicos\/\",\"name\":\"Lanzamos la campa\u00f1a #Trielap\u00fablica para fomentar la matr\u00edcula en centros p\u00fablicos | Gonzalo Anaya\",\"isPartOf\":{\"@id\":\"https:\/\/www.gonzaloanaya.com\/es\/#website\"},\"primaryImageOfPage\":{\"@id\":\"https:\/\/www.gonzaloanaya.com\/es\/2019\/05\/02\/lanzamos-campana-trielapublica-para-fomentar-matricula-centros-publicos\/#primaryimage\"},\"datePublished\":\"2019-05-02T08:13:17+00:00\",\"dateModified\":\"2019-05-02T08:13:17+00:00\",\"author\":{\"@id\":\"https:\/\/www.gonzaloanaya.com\/es\/#\/schema\/person\/d8c15b9dc3faa865aedb2546bd9f80b8\"},\"breadcrumb\":{\"@id\":\"https:\/\/www.gonzaloanaya.com\/es\/2019\/05\/02\/lanzamos-campana-trielapublica-para-fomentar-matricula-centros-publicos\/#breadcrumb\"},\"inLanguage\":\"es\",\"potentialAction\":[{\"@type\":\"ReadAction\",\"target\":[\"https:\/\/www.gonzaloanaya.com\/es\/2019\/05\/02\/lanzamos-campana-trielapublica-para-fomentar-matricula-centros-publicos\/\"]}]},{\"@type\":\"BreadcrumbList\",\"@id\":\"https:\/\/www.gonzaloanaya.com\/es\/2019\/05\/02\/lanzamos-campana-trielapublica-para-fomentar-matricula-centros-publicos\/#breadcrumb\",\"itemListElement\":[{\"@type\":\"ListItem\",\"position\":1,\"name\":\"Inici\",\"item\":\"https:\/\/www.gonzaloanaya.com\/es\/\"},{\"@type\":\"ListItem\",\"position\":2,\"name\":\"Lanzamos la campa\u00f1a #Trielap\u00fablica para fomentar la matr\u00edcula en centros p\u00fablicos\"}]},{\"@type\":\"Person\",\"@id\":\"https:\/\/www.gonzaloanaya.com\/es\/#\/schema\/person\/d8c15b9dc3faa865aedb2546bd9f80b8\",\"name\":\"Gonzalo Anaya\",\"image\":{\"@type\":\"ImageObject\",\"inLanguage\":\"es\",\"@id\":\"https:\/\/www.gonzaloanaya.com\/es\/#\/schema\/person\/image\/\",\"url\":\"http:\/\/0.gravatar.com\/avatar\/f76811ed77bbc23341618522f4177145?s=96&d=mm&r=g\",\"contentUrl\":\"http:\/\/0.gravatar.com\/avatar\/f76811ed77bbc23341618522f4177145?s=96&d=mm&r=g\",\"caption\":\"Gonzalo Anaya\"},\"sameAs\":[\"http:\/\/www.gonzaloanaya.com\"],\"url\":\"http:\/\/www.gonzaloanaya.com\/es\/author\/gonzalo-anaya\/\"}]}<\/script>\n<!-- \/ Yoast SEO plugin. -->","yoast_head_json":{"title":"Lanzamos la campa\u00f1a #Trielap\u00fablica para fomentar la matr\u00edcula en centros p\u00fablicos | Gonzalo Anaya","robots":{"index":"index","follow":"follow","max-snippet":"max-snippet:-1","max-image-preview":"max-image-preview:large","max-video-preview":"max-video-preview:-1"},"canonical":"https:\/\/www.gonzaloanaya.com\/es\/2019\/05\/02\/lanzamos-campana-trielapublica-para-fomentar-matricula-centros-publicos\/","og_locale":"es_ES","og_type":"article","og_title":"Lanzamos la campa\u00f1a #Trielap\u00fablica para fomentar la matr\u00edcula en centros p\u00fablicos | Gonzalo Anaya","og_description":"\u201cLa\u00a0 escuela p\u00fablica es la mejor opci\u00f3n para escolarizar los ni\u00f1os y las ni\u00f1as\u201d La Confederaci\u00f3n de AMPA del Pa\u00eds Valenciano Gonzalo Anaya ha iniciado la campa\u00f1a #Trielapublica, para fomentar la matr\u00edcula en la escuela p\u00fablica de cara al inicio del proceso de matriculaci\u00f3n, que se abrir\u00e1 el pr\u00f3ximo 9 de mayo a los centros de Infantil y Primaria y el 21 de mayo para la ESO y Bachillerato. Para la Confederaci\u00f3n mayoritaria, que aglutina a m\u00e1s de un millar de AMPA de Alicante, Castell\u00f3 y Valencia, \u201cla escuela p\u00fablica es la mejor opci\u00f3n posible para escolarizar los ni\u00f1os y las ni\u00f1as\u201d. La red p\u00fablica, destacan, permite a las familias conocer el d\u00eda a d\u00eda del centro y participar en las actividades y en la organizaci\u00f3n del curso escolar a trav\u00e9s, por ejemplo, del Consejo Escolar de Centro, donde participan en el estudio y propuesta de soluciones sobre aspectos que preocupan en el centro educativo, como por ejemplo el comedor escolar, los bancos de libros, la organizaci\u00f3n del patio escolar y de los tiempos de ocio, la jornada escolar, la formaci\u00f3n de grupos interactivos, etc. Tambi\u00e9n se\u00f1alan que los centros p\u00fablicos valencianos son cada vez m\u00e1s inclusivos y tienen m\u00e1s [&hellip;]","og_url":"https:\/\/www.gonzaloanaya.com\/es\/2019\/05\/02\/lanzamos-campana-trielapublica-para-fomentar-matricula-centros-publicos\/","og_site_name":"Gonzalo Anaya","article_publisher":"https:\/\/www.facebook.com\/confederacio.gonzaloanaya","article_published_time":"2019-05-02T08:13:17+00:00","og_image":[{"width":820,"height":250,"url":"https:\/\/www.gonzaloanaya.com\/wp-content\/uploads\/2019\/05\/banner-820x250c.jpg","type":"image\/jpeg"}],"author":"Gonzalo Anaya","twitter_card":"summary","twitter_misc":{"Escrito por":"Gonzalo Anaya","Tiempo de lectura":"3 minutos"},"schema":{"@context":"https:\/\/schema.org","@graph":[{"@type":"WebSite","@id":"https:\/\/www.gonzaloanaya.com\/es\/#website","url":"https:\/\/www.gonzaloanaya.com\/es\/","name":"Gonzalo Anaya","description":"Confederaci\u00f3n de Asociaciones de Padres y Madres de Alumnos de la Comunidad Valenciana \"Gonzalo Anaya\" ","potentialAction":[{"@type":"SearchAction","target":{"@type":"EntryPoint","urlTemplate":"https:\/\/www.gonzaloanaya.com\/es\/?s={search_term_string}"},"query-input":"required name=search_term_string"}],"inLanguage":"es"},{"@type":"ImageObject","inLanguage":"es","@id":"https:\/\/www.gonzaloanaya.com\/es\/2019\/05\/02\/lanzamos-campana-trielapublica-para-fomentar-matricula-centros-publicos\/#primaryimage","url":"http:\/\/www.gonzaloanaya.com\/wp-content\/uploads\/2019\/05\/banner-820x250c.jpg","contentUrl":"http:\/\/www.gonzaloanaya.com\/wp-content\/uploads\/2019\/05\/banner-820x250c.jpg","width":820,"height":250},{"@type":"WebPage","@id":"https:\/\/www.gonzaloanaya.com\/es\/2019\/05\/02\/lanzamos-campana-trielapublica-para-fomentar-matricula-centros-publicos\/#webpage","url":"https:\/\/www.gonzaloanaya.com\/es\/2019\/05\/02\/lanzamos-campana-trielapublica-para-fomentar-matricula-centros-publicos\/","name":"Lanzamos la campa\u00f1a #Trielap\u00fablica para fomentar la matr\u00edcula en centros p\u00fablicos | Gonzalo Anaya","isPartOf":{"@id":"https:\/\/www.gonzaloanaya.com\/es\/#website"},"primaryImageOfPage":{"@id":"https:\/\/www.gonzaloanaya.com\/es\/2019\/05\/02\/lanzamos-campana-trielapublica-para-fomentar-matricula-centros-publicos\/#primaryimage"},"datePublished":"2019-05-02T08:13:17+00:00","dateModified":"2019-05-02T08:13:17+00:00","author":{"@id":"https:\/\/www.gonzaloanaya.com\/es\/#\/schema\/person\/d8c15b9dc3faa865aedb2546bd9f80b8"},"breadcrumb":{"@id":"https:\/\/www.gonzaloanaya.com\/es\/2019\/05\/02\/lanzamos-campana-trielapublica-para-fomentar-matricula-centros-publicos\/#breadcrumb"},"inLanguage":"es","potentialAction":[{"@type":"ReadAction","target":["https:\/\/www.gonzaloanaya.com\/es\/2019\/05\/02\/lanzamos-campana-trielapublica-para-fomentar-matricula-centros-publicos\/"]}]},{"@type":"BreadcrumbList","@id":"https:\/\/www.gonzaloanaya.com\/es\/2019\/05\/02\/lanzamos-campana-trielapublica-para-fomentar-matricula-centros-publicos\/#breadcrumb","itemListElement":[{"@type":"ListItem","position":1,"name":"Inici","item":"https:\/\/www.gonzaloanaya.com\/es\/"},{"@type":"ListItem","position":2,"name":"Lanzamos la campa\u00f1a #Trielap\u00fablica para fomentar la matr\u00edcula en centros p\u00fablicos"}]},{"@type":"Person","@id":"https:\/\/www.gonzaloanaya.com\/es\/#\/schema\/person\/d8c15b9dc3faa865aedb2546bd9f80b8","name":"Gonzalo Anaya","image":{"@type":"ImageObject","inLanguage":"es","@id":"https:\/\/www.gonzaloanaya.com\/es\/#\/schema\/person\/image\/","url":"http:\/\/0.gravatar.com\/avatar\/f76811ed77bbc23341618522f4177145?s=96&d=mm&r=g","contentUrl":"http:\/\/0.gravatar.com\/avatar\/f76811ed77bbc23341618522f4177145?s=96&d=mm&r=g","caption":"Gonzalo Anaya"},"sameAs":["http:\/\/www.gonzaloanaya.com"],"url":"http:\/\/www.gonzaloanaya.com\/es\/author\/gonzalo-anaya\/"}]}},"_links":{"self":[{"href":"http:\/\/www.gonzaloanaya.com\/es\/wp-json\/wp\/v2\/posts\/7159"}],"collection":[{"href":"http:\/\/www.gonzaloanaya.com\/es\/wp-json\/wp\/v2\/posts"}],"about":[{"href":"http:\/\/www.gonzaloanaya.com\/es\/wp-json\/wp\/v2\/types\/post"}],"author":[{"embeddable":true,"href":"http:\/\/www.gonzaloanaya.com\/es\/wp-json\/wp\/v2\/users\/5"}],"replies":[{"embeddable":true,"href":"http:\/\/www.gonzaloanaya.com\/es\/wp-json\/wp\/v2\/comments?post=7159"}],"version-history":[{"count":1,"href":"http:\/\/www.gonzaloanaya.com\/es\/wp-json\/wp\/v2\/posts\/7159\/revisions"}],"predecessor-version":[{"id":7160,"href":"http:\/\/www.gonzaloanaya.com\/es\/wp-json\/wp\/v2\/posts\/7159\/revisions\/7160"}],"wp:featuredmedia":[{"embeddable":true,"href":"http:\/\/www.gonzaloanaya.com\/es\/wp-json\/wp\/v2\/media\/7150"}],"wp:attachment":[{"href":"http:\/\/www.gonzaloanaya.com\/es\/wp-json\/wp\/v2\/media?parent=7159"}],"wp:term":[{"taxonomy":"category","embeddable":true,"href":"http:\/\/www.gonzaloanaya.com\/es\/wp-json\/wp\/v2\/categories?post=7159"},{"taxonomy":"post_tag","embeddable":true,"href":"http:\/\/www.gonzaloanaya.com\/es\/wp-json\/wp\/v2\/tags?post=7159"}],"curies":[{"name":"wp","href":"https:\/\/api.w.org\/{rel}","templated":true}]}}