{"id":5788,"date":"2017-06-07T18:54:44","date_gmt":"2017-06-07T17:54:44","guid":{"rendered":"http:\/\/www.gonzaloanaya.com\/es\/?p=5788"},"modified":"2017-06-07T18:54:44","modified_gmt":"2017-06-07T17:54:44","slug":"no-queremos-que-desaparezca-filosofia-curriculum","status":"publish","type":"post","link":"http:\/\/www.gonzaloanaya.com\/es\/2017\/06\/07\/no-queremos-que-desaparezca-filosofia-curriculum\/","title":{"rendered":"No queremos que desaparezca la filosof\u00eda del curriculum"},"content":{"rendered":"<p>Creemos en una ense\u00f1anza p\u00fablica de calidad, por este motivo, exigimos al gobierno auton\u00f3mico que la asignatura de filosof\u00eda deje de ser optativa para ser obligatoria en 4\u00ba de la ESO y en 2\u00ba de bachillerato.<\/p>\n<p>Entendemos que el contenido de esta materia es indispensable para la formaci\u00f3n de nuestros hijos e hijas, no solo a nivel acad\u00e9mico, sino tambi\u00e9n a nivel personal. \u201cM\u00e1s all\u00e1 de los conocimientos, creemos en una ense\u00f1anza p\u00fablica que forme a personas, creemos en una educaci\u00f3n que prepare a nuestros hijos e hijas para que sean capaces de crear una sociedad mejor y para que tengan las herramientas necesarias que les garanticen un futuro m\u00e1s seguro\u201d, declara el Presidente de la Confederaci\u00f3n, Ra\u00fal Al\u00f3s, qui\u00e9n se reuni\u00f3 ayer con \u00c1ngel Vallejo, representante de la plataforma que defiende la permanencia de la asignatura en la educaci\u00f3n secundaria y bachiller para conocer de primera mano cu\u00e1l era la situaci\u00f3n.<\/p>\n<p>Consideramos que es urgente que la Conselleria d\u2019Educaci\u00f3 modifique el curriculum de educaci\u00f3n secundaria y el de bachillerato para que la asignatura de filosof\u00eda sea de car\u00e1cter obligatoria el pr\u00f3ximo curso, y no optativa como contempla la LOMCE. Entendemos que si el pr\u00f3ximo a\u00f1o, la filosof\u00eda apenas pondera para la nota final por su condici\u00f3n de optativa, los alumnos no se van sentir motivados para matricularse en esta asignatura, lo que repercutir\u00e1 negativamente en el n\u00famero de matriculados y en el peso que tendr\u00e1 dentro del curriculum.<\/p>\n<p>Aunque el car\u00e1cter optativo de la asignatura de filosof\u00eda lo marca la LOMCE, hemos comprobado c\u00f3mo en otras comunidades aut\u00f3nomas han encontrado los recursos para garantizar el futuro de esta materia. Las familias de la Gonzalo Anaya no entendemos c\u00f3mo en otras comunidades han conseguido la manera de darle a la filosof\u00eda una importancia mayor y en la Comunitat Valenciana no se modifica el curriculum y sigue ofreci\u00e9ndose como opcional, a\u00f1ade Al\u00f3s. Queremos saber por qu\u00e9 el gobierno auton\u00f3mico no toma medidas para cambiar esta situaci\u00f3n que entendemos es un perjuicio para nuestros hijos e hijas que recibir\u00e1n una formaci\u00f3n en desventaja con otras comunidades aut\u00f3nomas.<\/p>\n<p>&nbsp;<\/p>\n<p>&nbsp;<\/p>\n","protected":false},"excerpt":{"rendered":"<p>Creemos en una ense\u00f1anza p\u00fablica de calidad, por este motivo, exigimos al gobierno auton\u00f3mico que la asignatura de filosof\u00eda deje de ser optativa para ser obligatoria en 4\u00ba de la ESO y en 2\u00ba de bachillerato. Entendemos que el contenido de esta materia es indispensable para la formaci\u00f3n de nuestros hijos e hijas, no solo a nivel acad\u00e9mico, sino tambi\u00e9n a nivel personal. \u201cM\u00e1s all\u00e1 de los conocimientos, creemos en una ense\u00f1anza p\u00fablica que forme a personas, creemos en una educaci\u00f3n que prepare a nuestros hijos e hijas para que sean capaces de crear una sociedad mejor y para que tengan las herramientas necesarias que les garanticen un futuro m\u00e1s seguro\u201d, declara el Presidente de la Confederaci\u00f3n, Ra\u00fal Al\u00f3s, qui\u00e9n se reuni\u00f3 ayer con \u00c1ngel Vallejo, representante de la plataforma que defiende la permanencia de la asignatura en la educaci\u00f3n secundaria y bachiller para conocer de primera mano cu\u00e1l era la situaci\u00f3n. Consideramos que es urgente que la Conselleria d\u2019Educaci\u00f3 modifique el curriculum de educaci\u00f3n secundaria y el de bachillerato para que la asignatura de filosof\u00eda sea de car\u00e1cter obligatoria el pr\u00f3ximo curso, y no optativa como contempla la LOMCE. Entendemos que si el pr\u00f3ximo a\u00f1o, la filosof\u00eda apenas pondera [&hellip;]<\/p>\n","protected":false},"author":5,"featured_media":5789,"comment_status":"closed","ping_status":"closed","sticky":false,"template":"","format":"standard","meta":[],"categories":[54],"tags":[],"yoast_head":"<!-- This site is optimized with the Yoast SEO plugin v19.2 - https:\/\/yoast.com\/wordpress\/plugins\/seo\/ -->\n<title>No queremos que desaparezca la filosof\u00eda del curriculum | Gonzalo Anaya<\/title>\n<meta name=\"robots\" content=\"index, follow, max-snippet:-1, max-image-preview:large, max-video-preview:-1\" \/>\n<link rel=\"canonical\" href=\"https:\/\/www.gonzaloanaya.com\/es\/2017\/06\/07\/no-queremos-que-desaparezca-filosofia-curriculum\/\" \/>\n<meta property=\"og:locale\" content=\"es_ES\" \/>\n<meta property=\"og:type\" content=\"article\" \/>\n<meta property=\"og:title\" content=\"No queremos que desaparezca la filosof\u00eda del curriculum | Gonzalo Anaya\" \/>\n<meta property=\"og:description\" content=\"Creemos en una ense\u00f1anza p\u00fablica de calidad, por este motivo, exigimos al gobierno auton\u00f3mico que la asignatura de filosof\u00eda deje de ser optativa para ser obligatoria en 4\u00ba de la ESO y en 2\u00ba de bachillerato. Entendemos que el contenido de esta materia es indispensable para la formaci\u00f3n de nuestros hijos e hijas, no solo a nivel acad\u00e9mico, sino tambi\u00e9n a nivel personal. \u201cM\u00e1s all\u00e1 de los conocimientos, creemos en una ense\u00f1anza p\u00fablica que forme a personas, creemos en una educaci\u00f3n que prepare a nuestros hijos e hijas para que sean capaces de crear una sociedad mejor y para que tengan las herramientas necesarias que les garanticen un futuro m\u00e1s seguro\u201d, declara el Presidente de la Confederaci\u00f3n, Ra\u00fal Al\u00f3s, qui\u00e9n se reuni\u00f3 ayer con \u00c1ngel Vallejo, representante de la plataforma que defiende la permanencia de la asignatura en la educaci\u00f3n secundaria y bachiller para conocer de primera mano cu\u00e1l era la situaci\u00f3n. Consideramos que es urgente que la Conselleria d\u2019Educaci\u00f3 modifique el curriculum de educaci\u00f3n secundaria y el de bachillerato para que la asignatura de filosof\u00eda sea de car\u00e1cter obligatoria el pr\u00f3ximo curso, y no optativa como contempla la LOMCE. Entendemos que si el pr\u00f3ximo a\u00f1o, la filosof\u00eda apenas pondera [&hellip;]\" \/>\n<meta property=\"og:url\" content=\"https:\/\/www.gonzaloanaya.com\/es\/2017\/06\/07\/no-queremos-que-desaparezca-filosofia-curriculum\/\" \/>\n<meta property=\"og:site_name\" content=\"Gonzalo Anaya\" \/>\n<meta property=\"article:publisher\" content=\"https:\/\/www.facebook.com\/confederacio.gonzaloanaya\" \/>\n<meta property=\"article:published_time\" content=\"2017-06-07T17:54:44+00:00\" \/>\n<meta property=\"og:image\" content=\"https:\/\/www.gonzaloanaya.com\/wp-content\/uploads\/2017\/06\/Plataforma-defensa-filosof\u00eda-cortada.jpg\" \/>\n\t<meta property=\"og:image:width\" content=\"1536\" \/>\n\t<meta property=\"og:image:height\" content=\"928\" \/>\n\t<meta property=\"og:image:type\" content=\"image\/jpeg\" \/>\n<meta name=\"author\" content=\"Gonzalo Anaya\" \/>\n<meta name=\"twitter:card\" content=\"summary\" \/>\n<meta name=\"twitter:label1\" content=\"Escrito por\" \/>\n\t<meta name=\"twitter:data1\" content=\"Gonzalo Anaya\" \/>\n\t<meta name=\"twitter:label2\" content=\"Tiempo de lectura\" \/>\n\t<meta name=\"twitter:data2\" content=\"2 minutos\" \/>\n<script type=\"application\/ld+json\" class=\"yoast-schema-graph\">{\"@context\":\"https:\/\/schema.org\",\"@graph\":[{\"@type\":\"WebSite\",\"@id\":\"https:\/\/www.gonzaloanaya.com\/es\/#website\",\"url\":\"https:\/\/www.gonzaloanaya.com\/es\/\",\"name\":\"Gonzalo Anaya\",\"description\":\"Confederaci\u00f3n de Asociaciones de Padres y Madres de Alumnos de la Comunidad Valenciana \\\"Gonzalo Anaya\\\" \",\"potentialAction\":[{\"@type\":\"SearchAction\",\"target\":{\"@type\":\"EntryPoint\",\"urlTemplate\":\"https:\/\/www.gonzaloanaya.com\/es\/?s={search_term_string}\"},\"query-input\":\"required name=search_term_string\"}],\"inLanguage\":\"es\"},{\"@type\":\"ImageObject\",\"inLanguage\":\"es\",\"@id\":\"https:\/\/www.gonzaloanaya.com\/es\/2017\/06\/07\/no-queremos-que-desaparezca-filosofia-curriculum\/#primaryimage\",\"url\":\"http:\/\/www.gonzaloanaya.com\/wp-content\/uploads\/2017\/06\/Plataforma-defensa-filosof\u00eda-cortada.jpg\",\"contentUrl\":\"http:\/\/www.gonzaloanaya.com\/wp-content\/uploads\/2017\/06\/Plataforma-defensa-filosof\u00eda-cortada.jpg\",\"width\":1536,\"height\":928},{\"@type\":\"WebPage\",\"@id\":\"https:\/\/www.gonzaloanaya.com\/es\/2017\/06\/07\/no-queremos-que-desaparezca-filosofia-curriculum\/#webpage\",\"url\":\"https:\/\/www.gonzaloanaya.com\/es\/2017\/06\/07\/no-queremos-que-desaparezca-filosofia-curriculum\/\",\"name\":\"No queremos que desaparezca la filosof\u00eda del curriculum | Gonzalo Anaya\",\"isPartOf\":{\"@id\":\"https:\/\/www.gonzaloanaya.com\/es\/#website\"},\"primaryImageOfPage\":{\"@id\":\"https:\/\/www.gonzaloanaya.com\/es\/2017\/06\/07\/no-queremos-que-desaparezca-filosofia-curriculum\/#primaryimage\"},\"datePublished\":\"2017-06-07T17:54:44+00:00\",\"dateModified\":\"2017-06-07T17:54:44+00:00\",\"author\":{\"@id\":\"https:\/\/www.gonzaloanaya.com\/es\/#\/schema\/person\/d8c15b9dc3faa865aedb2546bd9f80b8\"},\"breadcrumb\":{\"@id\":\"https:\/\/www.gonzaloanaya.com\/es\/2017\/06\/07\/no-queremos-que-desaparezca-filosofia-curriculum\/#breadcrumb\"},\"inLanguage\":\"es\",\"potentialAction\":[{\"@type\":\"ReadAction\",\"target\":[\"https:\/\/www.gonzaloanaya.com\/es\/2017\/06\/07\/no-queremos-que-desaparezca-filosofia-curriculum\/\"]}]},{\"@type\":\"BreadcrumbList\",\"@id\":\"https:\/\/www.gonzaloanaya.com\/es\/2017\/06\/07\/no-queremos-que-desaparezca-filosofia-curriculum\/#breadcrumb\",\"itemListElement\":[{\"@type\":\"ListItem\",\"position\":1,\"name\":\"Inici\",\"item\":\"https:\/\/www.gonzaloanaya.com\/es\/\"},{\"@type\":\"ListItem\",\"position\":2,\"name\":\"No queremos que desaparezca la filosof\u00eda del curriculum\"}]},{\"@type\":\"Person\",\"@id\":\"https:\/\/www.gonzaloanaya.com\/es\/#\/schema\/person\/d8c15b9dc3faa865aedb2546bd9f80b8\",\"name\":\"Gonzalo Anaya\",\"image\":{\"@type\":\"ImageObject\",\"inLanguage\":\"es\",\"@id\":\"https:\/\/www.gonzaloanaya.com\/es\/#\/schema\/person\/image\/\",\"url\":\"http:\/\/0.gravatar.com\/avatar\/f76811ed77bbc23341618522f4177145?s=96&d=mm&r=g\",\"contentUrl\":\"http:\/\/0.gravatar.com\/avatar\/f76811ed77bbc23341618522f4177145?s=96&d=mm&r=g\",\"caption\":\"Gonzalo Anaya\"},\"sameAs\":[\"http:\/\/www.gonzaloanaya.com\"],\"url\":\"http:\/\/www.gonzaloanaya.com\/es\/author\/gonzalo-anaya\/\"}]}<\/script>\n<!-- \/ Yoast SEO plugin. -->","yoast_head_json":{"title":"No queremos que desaparezca la filosof\u00eda del curriculum | Gonzalo Anaya","robots":{"index":"index","follow":"follow","max-snippet":"max-snippet:-1","max-image-preview":"max-image-preview:large","max-video-preview":"max-video-preview:-1"},"canonical":"https:\/\/www.gonzaloanaya.com\/es\/2017\/06\/07\/no-queremos-que-desaparezca-filosofia-curriculum\/","og_locale":"es_ES","og_type":"article","og_title":"No queremos que desaparezca la filosof\u00eda del curriculum | Gonzalo Anaya","og_description":"Creemos en una ense\u00f1anza p\u00fablica de calidad, por este motivo, exigimos al gobierno auton\u00f3mico que la asignatura de filosof\u00eda deje de ser optativa para ser obligatoria en 4\u00ba de la ESO y en 2\u00ba de bachillerato. Entendemos que el contenido de esta materia es indispensable para la formaci\u00f3n de nuestros hijos e hijas, no solo a nivel acad\u00e9mico, sino tambi\u00e9n a nivel personal. \u201cM\u00e1s all\u00e1 de los conocimientos, creemos en una ense\u00f1anza p\u00fablica que forme a personas, creemos en una educaci\u00f3n que prepare a nuestros hijos e hijas para que sean capaces de crear una sociedad mejor y para que tengan las herramientas necesarias que les garanticen un futuro m\u00e1s seguro\u201d, declara el Presidente de la Confederaci\u00f3n, Ra\u00fal Al\u00f3s, qui\u00e9n se reuni\u00f3 ayer con \u00c1ngel Vallejo, representante de la plataforma que defiende la permanencia de la asignatura en la educaci\u00f3n secundaria y bachiller para conocer de primera mano cu\u00e1l era la situaci\u00f3n. Consideramos que es urgente que la Conselleria d\u2019Educaci\u00f3 modifique el curriculum de educaci\u00f3n secundaria y el de bachillerato para que la asignatura de filosof\u00eda sea de car\u00e1cter obligatoria el pr\u00f3ximo curso, y no optativa como contempla la LOMCE. Entendemos que si el pr\u00f3ximo a\u00f1o, la filosof\u00eda apenas pondera [&hellip;]","og_url":"https:\/\/www.gonzaloanaya.com\/es\/2017\/06\/07\/no-queremos-que-desaparezca-filosofia-curriculum\/","og_site_name":"Gonzalo Anaya","article_publisher":"https:\/\/www.facebook.com\/confederacio.gonzaloanaya","article_published_time":"2017-06-07T17:54:44+00:00","og_image":[{"width":1536,"height":928,"url":"https:\/\/www.gonzaloanaya.com\/wp-content\/uploads\/2017\/06\/Plataforma-defensa-filosof\u00eda-cortada.jpg","type":"image\/jpeg"}],"author":"Gonzalo Anaya","twitter_card":"summary","twitter_misc":{"Escrito por":"Gonzalo Anaya","Tiempo de lectura":"2 minutos"},"schema":{"@context":"https:\/\/schema.org","@graph":[{"@type":"WebSite","@id":"https:\/\/www.gonzaloanaya.com\/es\/#website","url":"https:\/\/www.gonzaloanaya.com\/es\/","name":"Gonzalo Anaya","description":"Confederaci\u00f3n de Asociaciones de Padres y Madres de Alumnos de la Comunidad Valenciana \"Gonzalo Anaya\" ","potentialAction":[{"@type":"SearchAction","target":{"@type":"EntryPoint","urlTemplate":"https:\/\/www.gonzaloanaya.com\/es\/?s={search_term_string}"},"query-input":"required name=search_term_string"}],"inLanguage":"es"},{"@type":"ImageObject","inLanguage":"es","@id":"https:\/\/www.gonzaloanaya.com\/es\/2017\/06\/07\/no-queremos-que-desaparezca-filosofia-curriculum\/#primaryimage","url":"http:\/\/www.gonzaloanaya.com\/wp-content\/uploads\/2017\/06\/Plataforma-defensa-filosof\u00eda-cortada.jpg","contentUrl":"http:\/\/www.gonzaloanaya.com\/wp-content\/uploads\/2017\/06\/Plataforma-defensa-filosof\u00eda-cortada.jpg","width":1536,"height":928},{"@type":"WebPage","@id":"https:\/\/www.gonzaloanaya.com\/es\/2017\/06\/07\/no-queremos-que-desaparezca-filosofia-curriculum\/#webpage","url":"https:\/\/www.gonzaloanaya.com\/es\/2017\/06\/07\/no-queremos-que-desaparezca-filosofia-curriculum\/","name":"No queremos que desaparezca la filosof\u00eda del curriculum | Gonzalo Anaya","isPartOf":{"@id":"https:\/\/www.gonzaloanaya.com\/es\/#website"},"primaryImageOfPage":{"@id":"https:\/\/www.gonzaloanaya.com\/es\/2017\/06\/07\/no-queremos-que-desaparezca-filosofia-curriculum\/#primaryimage"},"datePublished":"2017-06-07T17:54:44+00:00","dateModified":"2017-06-07T17:54:44+00:00","author":{"@id":"https:\/\/www.gonzaloanaya.com\/es\/#\/schema\/person\/d8c15b9dc3faa865aedb2546bd9f80b8"},"breadcrumb":{"@id":"https:\/\/www.gonzaloanaya.com\/es\/2017\/06\/07\/no-queremos-que-desaparezca-filosofia-curriculum\/#breadcrumb"},"inLanguage":"es","potentialAction":[{"@type":"ReadAction","target":["https:\/\/www.gonzaloanaya.com\/es\/2017\/06\/07\/no-queremos-que-desaparezca-filosofia-curriculum\/"]}]},{"@type":"BreadcrumbList","@id":"https:\/\/www.gonzaloanaya.com\/es\/2017\/06\/07\/no-queremos-que-desaparezca-filosofia-curriculum\/#breadcrumb","itemListElement":[{"@type":"ListItem","position":1,"name":"Inici","item":"https:\/\/www.gonzaloanaya.com\/es\/"},{"@type":"ListItem","position":2,"name":"No queremos que desaparezca la filosof\u00eda del curriculum"}]},{"@type":"Person","@id":"https:\/\/www.gonzaloanaya.com\/es\/#\/schema\/person\/d8c15b9dc3faa865aedb2546bd9f80b8","name":"Gonzalo Anaya","image":{"@type":"ImageObject","inLanguage":"es","@id":"https:\/\/www.gonzaloanaya.com\/es\/#\/schema\/person\/image\/","url":"http:\/\/0.gravatar.com\/avatar\/f76811ed77bbc23341618522f4177145?s=96&d=mm&r=g","contentUrl":"http:\/\/0.gravatar.com\/avatar\/f76811ed77bbc23341618522f4177145?s=96&d=mm&r=g","caption":"Gonzalo Anaya"},"sameAs":["http:\/\/www.gonzaloanaya.com"],"url":"http:\/\/www.gonzaloanaya.com\/es\/author\/gonzalo-anaya\/"}]}},"_links":{"self":[{"href":"http:\/\/www.gonzaloanaya.com\/es\/wp-json\/wp\/v2\/posts\/5788"}],"collection":[{"href":"http:\/\/www.gonzaloanaya.com\/es\/wp-json\/wp\/v2\/posts"}],"about":[{"href":"http:\/\/www.gonzaloanaya.com\/es\/wp-json\/wp\/v2\/types\/post"}],"author":[{"embeddable":true,"href":"http:\/\/www.gonzaloanaya.com\/es\/wp-json\/wp\/v2\/users\/5"}],"replies":[{"embeddable":true,"href":"http:\/\/www.gonzaloanaya.com\/es\/wp-json\/wp\/v2\/comments?post=5788"}],"version-history":[{"count":1,"href":"http:\/\/www.gonzaloanaya.com\/es\/wp-json\/wp\/v2\/posts\/5788\/revisions"}],"predecessor-version":[{"id":5791,"href":"http:\/\/www.gonzaloanaya.com\/es\/wp-json\/wp\/v2\/posts\/5788\/revisions\/5791"}],"wp:featuredmedia":[{"embeddable":true,"href":"http:\/\/www.gonzaloanaya.com\/es\/wp-json\/wp\/v2\/media\/5789"}],"wp:attachment":[{"href":"http:\/\/www.gonzaloanaya.com\/es\/wp-json\/wp\/v2\/media?parent=5788"}],"wp:term":[{"taxonomy":"category","embeddable":true,"href":"http:\/\/www.gonzaloanaya.com\/es\/wp-json\/wp\/v2\/categories?post=5788"},{"taxonomy":"post_tag","embeddable":true,"href":"http:\/\/www.gonzaloanaya.com\/es\/wp-json\/wp\/v2\/tags?post=5788"}],"curies":[{"name":"wp","href":"https:\/\/api.w.org\/{rel}","templated":true}]}}