{"id":3810,"date":"2016-06-09T09:25:28","date_gmt":"2016-06-09T09:25:28","guid":{"rendered":"http:\/\/gonzaloanaya.mindthebrand.com\/es\/?p=3810"},"modified":"2016-06-09T10:09:41","modified_gmt":"2016-06-09T10:09:41","slug":"la-agrupacion-para-la-atencion-sanitaria-en-centros-educativos-en-horario-lectivo-exige-que-los-alumnos-con-necesidades-sean-atendidos-ya-desde-el-curso-2016-17","status":"publish","type":"post","link":"http:\/\/www.gonzaloanaya.com\/es\/2016\/06\/09\/la-agrupacion-para-la-atencion-sanitaria-en-centros-educativos-en-horario-lectivo-exige-que-los-alumnos-con-necesidades-sean-atendidos-ya-desde-el-curso-2016-17\/","title":{"rendered":"La Agrupaci\u00f3n para la atenci\u00f3n sanitaria en centros educativos en horario lectivo exige que los alumnos con necesidades sean atendidos ya desde el curso 2016-17"},"content":{"rendered":"<p>La Agrupaci\u00f3n para la atenci\u00f3n sanitaria en los centros educativos durante el horario lectivo ha pedido una reuni\u00f3n urgente con las Consellerias de Educaci\u00f3n, Sanidad e Igualdad para instarlas a que se pongan en marcha las medidas de coordinaci\u00f3n y actuaci\u00f3n encaminadas a que en el curso 2016-17 se pueda atender a los alumnos con enfermedades o situaciones de salud que precisen la asistencia de personal sanitario dentro del centro escolar en horario lectivo.<\/p>\n<p>La organizaci\u00f3n, integrada por 78 asociaciones m\u00e9dicas, de pacientes, sindicales de educaci\u00f3n y sanidad, y de padres y madres, entre otras que se indican en archivo adjunto, recuerdan que la Ley 10\/2014 de Salud de la Comunidad Valenciana y la Orden de 29 de julio de 2009 del Consell sobre los derechos de salud de ni\u00f1os y adolescentes en el medio escolar establecen que los servicios sanitarios deber\u00e1n desplazarse a los centros educativos para atender a los alumnos que lo requieran, algo que no se cumple en la mayor\u00eda de los casos. Las necesidades pueden referirse a estudiantes con enfermedades cr\u00f3nicas (como diabetes, asma, epilepsia\u2026), dolencias puntuales que por su prolongaci\u00f3n y caracter\u00edsticas precisen esa asistencia o determinadas discapacidades.<\/p>\n<p>Son precisas actuaciones como la adscripci\u00f3n de los centros de salud a los colegios e institutos por zonas y la organizaci\u00f3n del personal de enfermer\u00eda para atender a la poblaci\u00f3n escolar. Asimismo, los centros deben tener clara la existencia de la normativa y el protocolo para solicitar la asistencia.<\/p>\n<p>En la actualidad, se\u00f1ala la Agrupaci\u00f3n, se est\u00e1 conculcando el derecho de los menores a recibir atenci\u00f3n sanitaria de forma que puedan seguir su escolarizaci\u00f3n con la mayor normalidad posible, as\u00ed como el de las familias a conciliar la vida laboral y familiar, ya que en la mayor\u00eda de casos son los padres los que tienen que desplazarse al centro escolar para atender a sus hijos, lo que en numerosas ocasiones les est\u00e1 obligando incluso a dejar de trabajar.<\/p>\n<p>La organizaci\u00f3n tambi\u00e9n indica que incluso en centros de Educaci\u00f3n Especial, donde es preceptiva la existencia de una enfermera escolar en las propias instalaciones, este requisito no se est\u00e1 cumpliendo, por lo que tambi\u00e9n insta a la Generalitat a dotar del personal necesario para estos casos.<\/p>\n<p>Una de las medidas que est\u00e1 llevando a cabo la Agrupaci\u00f3n es la recogida de firmas para demandar la atenci\u00f3n sanitaria en los centros educativos durante el horario lectivo, cuyo documento puede descargarse en el siguiente enlace <a href=\"https:\/\/t.co\/GYrbbYUUiv\">goo.gl\/mi0MRB\u00a0<\/a>, y hacerlo llegar a la organizaci\u00f3n antes del 21 de junio a la direcci\u00f3n C\/Bar\u00f3n de C\u00e1rcer, 48, 8\u00ba G. 46001, Valencia.<\/p>\n<p>&nbsp;<\/p>\n","protected":false},"excerpt":{"rendered":"<p>La Agrupaci\u00f3n para la atenci\u00f3n sanitaria en los centros educativos durante el horario lectivo ha pedido una reuni\u00f3n urgente con las Consellerias de Educaci\u00f3n, Sanidad e Igualdad para instarlas a que se pongan en marcha las medidas de coordinaci\u00f3n y actuaci\u00f3n encaminadas a que en el curso 2016-17 se pueda atender a los alumnos con enfermedades o situaciones de salud que precisen la asistencia de personal sanitario dentro del centro escolar en horario lectivo. La organizaci\u00f3n, integrada por 78 asociaciones m\u00e9dicas, de pacientes, sindicales de educaci\u00f3n y sanidad, y de padres y madres, entre otras que se indican en archivo adjunto, recuerdan que la Ley 10\/2014 de Salud de la Comunidad Valenciana y la Orden de 29 de julio de 2009 del Consell sobre los derechos de salud de ni\u00f1os y adolescentes en el medio escolar establecen que los servicios sanitarios deber\u00e1n desplazarse a los centros educativos para atender a los alumnos que lo requieran, algo que no se cumple en la mayor\u00eda de los casos. Las necesidades pueden referirse a estudiantes con enfermedades cr\u00f3nicas (como diabetes, asma, epilepsia\u2026), dolencias puntuales que por su prolongaci\u00f3n y caracter\u00edsticas precisen esa asistencia o determinadas discapacidades. Son precisas actuaciones como la adscripci\u00f3n de [&hellip;]<\/p>\n","protected":false},"author":5,"featured_media":0,"comment_status":"closed","ping_status":"closed","sticky":false,"template":"","format":"standard","meta":[],"categories":[54],"tags":[67,66],"yoast_head":"<!-- This site is optimized with the Yoast SEO plugin v19.2 - https:\/\/yoast.com\/wordpress\/plugins\/seo\/ -->\n<title>La Agrupaci\u00f3n para la atenci\u00f3n sanitaria en centros educativos en horario lectivo exige que los alumnos con necesidades sean atendidos ya desde el curso 2016-17 | Gonzalo Anaya<\/title>\n<meta name=\"robots\" content=\"index, follow, max-snippet:-1, max-image-preview:large, max-video-preview:-1\" \/>\n<link rel=\"canonical\" href=\"https:\/\/www.gonzaloanaya.com\/es\/2016\/06\/09\/la-agrupacion-para-la-atencion-sanitaria-en-centros-educativos-en-horario-lectivo-exige-que-los-alumnos-con-necesidades-sean-atendidos-ya-desde-el-curso-2016-17\/\" \/>\n<meta property=\"og:locale\" content=\"es_ES\" \/>\n<meta property=\"og:type\" content=\"article\" \/>\n<meta property=\"og:title\" content=\"La Agrupaci\u00f3n para la atenci\u00f3n sanitaria en centros educativos en horario lectivo exige que los alumnos con necesidades sean atendidos ya desde el curso 2016-17 | Gonzalo Anaya\" \/>\n<meta property=\"og:description\" content=\"La Agrupaci\u00f3n para la atenci\u00f3n sanitaria en los centros educativos durante el horario lectivo ha pedido una reuni\u00f3n urgente con las Consellerias de Educaci\u00f3n, Sanidad e Igualdad para instarlas a que se pongan en marcha las medidas de coordinaci\u00f3n y actuaci\u00f3n encaminadas a que en el curso 2016-17 se pueda atender a los alumnos con enfermedades o situaciones de salud que precisen la asistencia de personal sanitario dentro del centro escolar en horario lectivo. La organizaci\u00f3n, integrada por 78 asociaciones m\u00e9dicas, de pacientes, sindicales de educaci\u00f3n y sanidad, y de padres y madres, entre otras que se indican en archivo adjunto, recuerdan que la Ley 10\/2014 de Salud de la Comunidad Valenciana y la Orden de 29 de julio de 2009 del Consell sobre los derechos de salud de ni\u00f1os y adolescentes en el medio escolar establecen que los servicios sanitarios deber\u00e1n desplazarse a los centros educativos para atender a los alumnos que lo requieran, algo que no se cumple en la mayor\u00eda de los casos. Las necesidades pueden referirse a estudiantes con enfermedades cr\u00f3nicas (como diabetes, asma, epilepsia\u2026), dolencias puntuales que por su prolongaci\u00f3n y caracter\u00edsticas precisen esa asistencia o determinadas discapacidades. Son precisas actuaciones como la adscripci\u00f3n de [&hellip;]\" \/>\n<meta property=\"og:url\" content=\"https:\/\/www.gonzaloanaya.com\/es\/2016\/06\/09\/la-agrupacion-para-la-atencion-sanitaria-en-centros-educativos-en-horario-lectivo-exige-que-los-alumnos-con-necesidades-sean-atendidos-ya-desde-el-curso-2016-17\/\" \/>\n<meta property=\"og:site_name\" content=\"Gonzalo Anaya\" \/>\n<meta property=\"article:publisher\" content=\"https:\/\/www.facebook.com\/confederacio.gonzaloanaya\" \/>\n<meta property=\"article:published_time\" content=\"2016-06-09T09:25:28+00:00\" \/>\n<meta property=\"article:modified_time\" content=\"2016-06-09T10:09:41+00:00\" \/>\n<meta name=\"author\" content=\"Gonzalo Anaya\" \/>\n<meta name=\"twitter:card\" content=\"summary\" \/>\n<meta name=\"twitter:label1\" content=\"Escrito por\" \/>\n\t<meta name=\"twitter:data1\" content=\"Gonzalo Anaya\" \/>\n\t<meta name=\"twitter:label2\" content=\"Tiempo de lectura\" \/>\n\t<meta name=\"twitter:data2\" content=\"2 minutos\" \/>\n<script type=\"application\/ld+json\" class=\"yoast-schema-graph\">{\"@context\":\"https:\/\/schema.org\",\"@graph\":[{\"@type\":\"WebSite\",\"@id\":\"https:\/\/www.gonzaloanaya.com\/es\/#website\",\"url\":\"https:\/\/www.gonzaloanaya.com\/es\/\",\"name\":\"Gonzalo Anaya\",\"description\":\"Confederaci\u00f3n de Asociaciones de Padres y Madres de Alumnos de la Comunidad Valenciana \\\"Gonzalo Anaya\\\" \",\"potentialAction\":[{\"@type\":\"SearchAction\",\"target\":{\"@type\":\"EntryPoint\",\"urlTemplate\":\"https:\/\/www.gonzaloanaya.com\/es\/?s={search_term_string}\"},\"query-input\":\"required name=search_term_string\"}],\"inLanguage\":\"es\"},{\"@type\":\"WebPage\",\"@id\":\"https:\/\/www.gonzaloanaya.com\/es\/2016\/06\/09\/la-agrupacion-para-la-atencion-sanitaria-en-centros-educativos-en-horario-lectivo-exige-que-los-alumnos-con-necesidades-sean-atendidos-ya-desde-el-curso-2016-17\/#webpage\",\"url\":\"https:\/\/www.gonzaloanaya.com\/es\/2016\/06\/09\/la-agrupacion-para-la-atencion-sanitaria-en-centros-educativos-en-horario-lectivo-exige-que-los-alumnos-con-necesidades-sean-atendidos-ya-desde-el-curso-2016-17\/\",\"name\":\"La Agrupaci\u00f3n para la atenci\u00f3n sanitaria en centros educativos en horario lectivo exige que los alumnos con necesidades sean atendidos ya desde el curso 2016-17 | Gonzalo Anaya\",\"isPartOf\":{\"@id\":\"https:\/\/www.gonzaloanaya.com\/es\/#website\"},\"datePublished\":\"2016-06-09T09:25:28+00:00\",\"dateModified\":\"2016-06-09T10:09:41+00:00\",\"author\":{\"@id\":\"https:\/\/www.gonzaloanaya.com\/es\/#\/schema\/person\/d8c15b9dc3faa865aedb2546bd9f80b8\"},\"breadcrumb\":{\"@id\":\"https:\/\/www.gonzaloanaya.com\/es\/2016\/06\/09\/la-agrupacion-para-la-atencion-sanitaria-en-centros-educativos-en-horario-lectivo-exige-que-los-alumnos-con-necesidades-sean-atendidos-ya-desde-el-curso-2016-17\/#breadcrumb\"},\"inLanguage\":\"es\",\"potentialAction\":[{\"@type\":\"ReadAction\",\"target\":[\"https:\/\/www.gonzaloanaya.com\/es\/2016\/06\/09\/la-agrupacion-para-la-atencion-sanitaria-en-centros-educativos-en-horario-lectivo-exige-que-los-alumnos-con-necesidades-sean-atendidos-ya-desde-el-curso-2016-17\/\"]}]},{\"@type\":\"BreadcrumbList\",\"@id\":\"https:\/\/www.gonzaloanaya.com\/es\/2016\/06\/09\/la-agrupacion-para-la-atencion-sanitaria-en-centros-educativos-en-horario-lectivo-exige-que-los-alumnos-con-necesidades-sean-atendidos-ya-desde-el-curso-2016-17\/#breadcrumb\",\"itemListElement\":[{\"@type\":\"ListItem\",\"position\":1,\"name\":\"Inici\",\"item\":\"https:\/\/www.gonzaloanaya.com\/es\/\"},{\"@type\":\"ListItem\",\"position\":2,\"name\":\"La Agrupaci\u00f3n para la atenci\u00f3n sanitaria en centros educativos en horario lectivo exige que los alumnos con necesidades sean atendidos ya desde el curso 2016-17\"}]},{\"@type\":\"Person\",\"@id\":\"https:\/\/www.gonzaloanaya.com\/es\/#\/schema\/person\/d8c15b9dc3faa865aedb2546bd9f80b8\",\"name\":\"Gonzalo Anaya\",\"image\":{\"@type\":\"ImageObject\",\"inLanguage\":\"es\",\"@id\":\"https:\/\/www.gonzaloanaya.com\/es\/#\/schema\/person\/image\/\",\"url\":\"http:\/\/0.gravatar.com\/avatar\/f76811ed77bbc23341618522f4177145?s=96&d=mm&r=g\",\"contentUrl\":\"http:\/\/0.gravatar.com\/avatar\/f76811ed77bbc23341618522f4177145?s=96&d=mm&r=g\",\"caption\":\"Gonzalo Anaya\"},\"sameAs\":[\"http:\/\/www.gonzaloanaya.com\"],\"url\":\"http:\/\/www.gonzaloanaya.com\/es\/author\/gonzalo-anaya\/\"}]}<\/script>\n<!-- \/ Yoast SEO plugin. -->","yoast_head_json":{"title":"La Agrupaci\u00f3n para la atenci\u00f3n sanitaria en centros educativos en horario lectivo exige que los alumnos con necesidades sean atendidos ya desde el curso 2016-17 | Gonzalo Anaya","robots":{"index":"index","follow":"follow","max-snippet":"max-snippet:-1","max-image-preview":"max-image-preview:large","max-video-preview":"max-video-preview:-1"},"canonical":"https:\/\/www.gonzaloanaya.com\/es\/2016\/06\/09\/la-agrupacion-para-la-atencion-sanitaria-en-centros-educativos-en-horario-lectivo-exige-que-los-alumnos-con-necesidades-sean-atendidos-ya-desde-el-curso-2016-17\/","og_locale":"es_ES","og_type":"article","og_title":"La Agrupaci\u00f3n para la atenci\u00f3n sanitaria en centros educativos en horario lectivo exige que los alumnos con necesidades sean atendidos ya desde el curso 2016-17 | Gonzalo Anaya","og_description":"La Agrupaci\u00f3n para la atenci\u00f3n sanitaria en los centros educativos durante el horario lectivo ha pedido una reuni\u00f3n urgente con las Consellerias de Educaci\u00f3n, Sanidad e Igualdad para instarlas a que se pongan en marcha las medidas de coordinaci\u00f3n y actuaci\u00f3n encaminadas a que en el curso 2016-17 se pueda atender a los alumnos con enfermedades o situaciones de salud que precisen la asistencia de personal sanitario dentro del centro escolar en horario lectivo. La organizaci\u00f3n, integrada por 78 asociaciones m\u00e9dicas, de pacientes, sindicales de educaci\u00f3n y sanidad, y de padres y madres, entre otras que se indican en archivo adjunto, recuerdan que la Ley 10\/2014 de Salud de la Comunidad Valenciana y la Orden de 29 de julio de 2009 del Consell sobre los derechos de salud de ni\u00f1os y adolescentes en el medio escolar establecen que los servicios sanitarios deber\u00e1n desplazarse a los centros educativos para atender a los alumnos que lo requieran, algo que no se cumple en la mayor\u00eda de los casos. Las necesidades pueden referirse a estudiantes con enfermedades cr\u00f3nicas (como diabetes, asma, epilepsia\u2026), dolencias puntuales que por su prolongaci\u00f3n y caracter\u00edsticas precisen esa asistencia o determinadas discapacidades. Son precisas actuaciones como la adscripci\u00f3n de [&hellip;]","og_url":"https:\/\/www.gonzaloanaya.com\/es\/2016\/06\/09\/la-agrupacion-para-la-atencion-sanitaria-en-centros-educativos-en-horario-lectivo-exige-que-los-alumnos-con-necesidades-sean-atendidos-ya-desde-el-curso-2016-17\/","og_site_name":"Gonzalo Anaya","article_publisher":"https:\/\/www.facebook.com\/confederacio.gonzaloanaya","article_published_time":"2016-06-09T09:25:28+00:00","article_modified_time":"2016-06-09T10:09:41+00:00","author":"Gonzalo Anaya","twitter_card":"summary","twitter_misc":{"Escrito por":"Gonzalo Anaya","Tiempo de lectura":"2 minutos"},"schema":{"@context":"https:\/\/schema.org","@graph":[{"@type":"WebSite","@id":"https:\/\/www.gonzaloanaya.com\/es\/#website","url":"https:\/\/www.gonzaloanaya.com\/es\/","name":"Gonzalo Anaya","description":"Confederaci\u00f3n de Asociaciones de Padres y Madres de Alumnos de la Comunidad Valenciana \"Gonzalo Anaya\" ","potentialAction":[{"@type":"SearchAction","target":{"@type":"EntryPoint","urlTemplate":"https:\/\/www.gonzaloanaya.com\/es\/?s={search_term_string}"},"query-input":"required name=search_term_string"}],"inLanguage":"es"},{"@type":"WebPage","@id":"https:\/\/www.gonzaloanaya.com\/es\/2016\/06\/09\/la-agrupacion-para-la-atencion-sanitaria-en-centros-educativos-en-horario-lectivo-exige-que-los-alumnos-con-necesidades-sean-atendidos-ya-desde-el-curso-2016-17\/#webpage","url":"https:\/\/www.gonzaloanaya.com\/es\/2016\/06\/09\/la-agrupacion-para-la-atencion-sanitaria-en-centros-educativos-en-horario-lectivo-exige-que-los-alumnos-con-necesidades-sean-atendidos-ya-desde-el-curso-2016-17\/","name":"La Agrupaci\u00f3n para la atenci\u00f3n sanitaria en centros educativos en horario lectivo exige que los alumnos con necesidades sean atendidos ya desde el curso 2016-17 | Gonzalo Anaya","isPartOf":{"@id":"https:\/\/www.gonzaloanaya.com\/es\/#website"},"datePublished":"2016-06-09T09:25:28+00:00","dateModified":"2016-06-09T10:09:41+00:00","author":{"@id":"https:\/\/www.gonzaloanaya.com\/es\/#\/schema\/person\/d8c15b9dc3faa865aedb2546bd9f80b8"},"breadcrumb":{"@id":"https:\/\/www.gonzaloanaya.com\/es\/2016\/06\/09\/la-agrupacion-para-la-atencion-sanitaria-en-centros-educativos-en-horario-lectivo-exige-que-los-alumnos-con-necesidades-sean-atendidos-ya-desde-el-curso-2016-17\/#breadcrumb"},"inLanguage":"es","potentialAction":[{"@type":"ReadAction","target":["https:\/\/www.gonzaloanaya.com\/es\/2016\/06\/09\/la-agrupacion-para-la-atencion-sanitaria-en-centros-educativos-en-horario-lectivo-exige-que-los-alumnos-con-necesidades-sean-atendidos-ya-desde-el-curso-2016-17\/"]}]},{"@type":"BreadcrumbList","@id":"https:\/\/www.gonzaloanaya.com\/es\/2016\/06\/09\/la-agrupacion-para-la-atencion-sanitaria-en-centros-educativos-en-horario-lectivo-exige-que-los-alumnos-con-necesidades-sean-atendidos-ya-desde-el-curso-2016-17\/#breadcrumb","itemListElement":[{"@type":"ListItem","position":1,"name":"Inici","item":"https:\/\/www.gonzaloanaya.com\/es\/"},{"@type":"ListItem","position":2,"name":"La Agrupaci\u00f3n para la atenci\u00f3n sanitaria en centros educativos en horario lectivo exige que los alumnos con necesidades sean atendidos ya desde el curso 2016-17"}]},{"@type":"Person","@id":"https:\/\/www.gonzaloanaya.com\/es\/#\/schema\/person\/d8c15b9dc3faa865aedb2546bd9f80b8","name":"Gonzalo Anaya","image":{"@type":"ImageObject","inLanguage":"es","@id":"https:\/\/www.gonzaloanaya.com\/es\/#\/schema\/person\/image\/","url":"http:\/\/0.gravatar.com\/avatar\/f76811ed77bbc23341618522f4177145?s=96&d=mm&r=g","contentUrl":"http:\/\/0.gravatar.com\/avatar\/f76811ed77bbc23341618522f4177145?s=96&d=mm&r=g","caption":"Gonzalo Anaya"},"sameAs":["http:\/\/www.gonzaloanaya.com"],"url":"http:\/\/www.gonzaloanaya.com\/es\/author\/gonzalo-anaya\/"}]}},"_links":{"self":[{"href":"http:\/\/www.gonzaloanaya.com\/es\/wp-json\/wp\/v2\/posts\/3810"}],"collection":[{"href":"http:\/\/www.gonzaloanaya.com\/es\/wp-json\/wp\/v2\/posts"}],"about":[{"href":"http:\/\/www.gonzaloanaya.com\/es\/wp-json\/wp\/v2\/types\/post"}],"author":[{"embeddable":true,"href":"http:\/\/www.gonzaloanaya.com\/es\/wp-json\/wp\/v2\/users\/5"}],"replies":[{"embeddable":true,"href":"http:\/\/www.gonzaloanaya.com\/es\/wp-json\/wp\/v2\/comments?post=3810"}],"version-history":[{"count":3,"href":"http:\/\/www.gonzaloanaya.com\/es\/wp-json\/wp\/v2\/posts\/3810\/revisions"}],"predecessor-version":[{"id":3817,"href":"http:\/\/www.gonzaloanaya.com\/es\/wp-json\/wp\/v2\/posts\/3810\/revisions\/3817"}],"wp:attachment":[{"href":"http:\/\/www.gonzaloanaya.com\/es\/wp-json\/wp\/v2\/media?parent=3810"}],"wp:term":[{"taxonomy":"category","embeddable":true,"href":"http:\/\/www.gonzaloanaya.com\/es\/wp-json\/wp\/v2\/categories?post=3810"},{"taxonomy":"post_tag","embeddable":true,"href":"http:\/\/www.gonzaloanaya.com\/es\/wp-json\/wp\/v2\/tags?post=3810"}],"curies":[{"name":"wp","href":"https:\/\/api.w.org\/{rel}","templated":true}]}}