{"id":12152,"date":"2026-01-05T11:36:45","date_gmt":"2026-01-05T10:36:45","guid":{"rendered":"https:\/\/www.gonzaloanaya.com\/?p=12152"},"modified":"2026-01-09T09:21:43","modified_gmt":"2026-01-09T08:21:43","slug":"sin-coeducacion-no-hay-convivencia","status":"publish","type":"post","link":"http:\/\/www.gonzaloanaya.com\/es\/2026\/01\/05\/sin-coeducacion-no-hay-convivencia\/","title":{"rendered":"Sin coeducaci\u00f3n no hay convivencia"},"content":{"rendered":"\n<p>Advierten que el nuevo Decreto de Convivencia invisibiliza la violencia de g\u00e9nero en las aulas valencianas<\/p>\n\n\n<figure class=\"wp-block-post-featured-image\"><img width=\"174\" height=\"146\" src=\"http:\/\/www.gonzaloanaya.com\/wp-content\/uploads\/2026\/01\/coeducar-174x146.jpg\" class=\"attachment-post-thumbnail size-post-thumbnail wp-post-image\" alt=\"Sin coeducaci\u00f3n no hay convivencia\" loading=\"lazy\" srcset=\"http:\/\/www.gonzaloanaya.com\/wp-content\/uploads\/2026\/01\/coeducar-174x146.jpg 174w, http:\/\/www.gonzaloanaya.com\/wp-content\/uploads\/2026\/01\/coeducar-300x251.jpg 300w, http:\/\/www.gonzaloanaya.com\/wp-content\/uploads\/2026\/01\/coeducar-768x644.jpg 768w, http:\/\/www.gonzaloanaya.com\/wp-content\/uploads\/2026\/01\/coeducar-50x42.jpg 50w, http:\/\/www.gonzaloanaya.com\/wp-content\/uploads\/2026\/01\/coeducar-89x75.jpg 89w, http:\/\/www.gonzaloanaya.com\/wp-content\/uploads\/2026\/01\/coeducar.jpg 940w\" sizes=\"(max-width: 174px) 100vw, 174px\" \/><\/figure>\n\n\n<p>Cerca de 80 entidades firman un comunicado de protesta contra el Decreto de Convivencia de la Conselleria d\u2019Educaci\u00f3 que entra en vigor este mes. Entre las firmantes, la Confederaci\u00f3 Gonzalo Anaya, FAMPA; los sindicatos de la ense\u00f1anza, STEPV, Intersindical Valenciana,CCOO de l\u2019Ensenyament o UGT, as\u00ed como el Institut Interuniversitari d\u2019Estudis de les Dones de la Universitat de Val\u00e8ncia; tambi\u00e9n est\u00e1n asociaciones de gran importancia para la igualdad como la Asociaci\u00f3n Profesional de Agentes de Igualdad, la Coordinadora Feminista de Val\u00e8ncia, o la Federaci\u00f3 Dones Progressistes, entre otras.<\/p>\n\n\n\n<p>VAL\u00c8NCIA \u2013 La comunidad educativa valenciana se enfrenta a un cambio de paradigma con la entrada en vigor, el pr\u00f3ximo 7 de enero, del Decreto 193\/2025 de convivencia. Sin embargo, lo que se presenta como una actualizaci\u00f3n normativa ha encendido las alarmas de la Associaci\u00f3 per la Coeducaci\u00f3 de Val\u00e8ncia, que denuncia un retroceso alarmante en materia de igualdad y una desprotecci\u00f3n evidente ante las violencias machistas en el entorno escolar.<\/p>\n\n\n\n<p>La entidad sostiene que el nuevo texto desplaza la coeducaci\u00f3n de su lugar como eje vertebrador para convertirla en una menci\u00f3n meramente testimonial. Al diluir la igualdad de g\u00e9nero en conceptos gen\u00e9ricos como \u201cbienestar\u201d, se pierde la capacidad de intervenir sobre las causas estructurales de los conflictos. Desde la asociaci\u00f3n son tajantes: la coeducaci\u00f3n ha pasado de ser una herramienta de prevenci\u00f3n activa a convertirse en un elemento \u00abdecorativo\u00bb que carece de medidas concretas u obligaciones reales para los centros.<\/p>\n\n\n\n<p>Asimismo, la Associaci\u00f3 por la Coeducaci\u00f3 lamenta que la Conselleria d\u2019Educaci\u00f3 no contase con la comunidad educativa y asociaciones diversas para la redacci\u00f3n de este Decreto de Convivencia: \u201cesta exclusi\u00f3n&nbsp; demuestra que no les importan las opiniones de agentes implicados y especialistas, por eso se les ignor\u00f3 en el dise\u00f1o, seguimiento y evaluaci\u00f3n de las pol\u00edticas de convivencia\u201d.<\/p>\n\n\n\n<p><strong>El riesgo de un \u00abbienestar\u00bb mal entendido<\/strong><\/p>\n\n\n\n<p>Uno de los puntos m\u00e1s cr\u00edticos que se\u00f1ala la asociaci\u00f3n es la sustituci\u00f3n de enfoques espec\u00edficos por el concepto de \u00abbienestar\u00bb. Aunque el t\u00e9rmino pueda parecer positivo, la organizaci\u00f3n advierte que su ambig\u00fcedad es peligrosa. Al meter en un mismo saco situaciones tan diversas como el acoso escolar, los problemas emocionales y la violencia sexual, se corre el riesgo de neutralizar la gravedad de estas \u00faltimas. \u00abLlamarlo todo bienestar no protege m\u00e1s; al contrario, invisibiliza las violencias\u00bb, explican, subrayando que no se pueden solucionar problemas que el propio decreto evita nombrar por su nombre.<\/p>\n\n\n\n<p><strong>Conciliaci\u00f3n y falta de recursos: un escenario de vulnerabilidad<\/strong><\/p>\n\n\n\n<p>La preocupaci\u00f3n se extiende tambi\u00e9n a la generalizaci\u00f3n de los m\u00e9todos de conciliaci\u00f3n para resolver conflictos. La Associaci\u00f3 per la Coeducaci\u00f3 alerta de que aplicar el di\u00e1logo de forma indiscriminada en contextos de desigualdad o violencia puede derivar en una grave revictimizaci\u00f3n. En escenarios donde existen relaciones de poder desiguales o miedo, forzar una mediaci\u00f3n no es una soluci\u00f3n justa, sino una presi\u00f3n a\u00f1adida para la v\u00edctima. Esta decisi\u00f3n, la de mediar, puede ser muy peligrosa si se aplica sin perspectiva feminista, sin herramientas coeducativas y sin formaci\u00f3n especializada.<\/p>\n\n\n\n<p>A este complejo panorama se suma la falta de medios para ejecutar la norma. El decreto aumenta la carga de responsabilidad sobre el profesorado y los equipos directivos, pero llega sin presupuesto, sin personal especializado y sin planes de formaci\u00f3n obligatoria. Para la entidad, legislar sobre salud mental y convivencia sin dotar a los colegios de herramientas reales es \u00abun brindis al sol\u00bb que deja a los profesionales en una situaci\u00f3n de total indefensi\u00f3n. La asociaci\u00f3n pide dotaci\u00f3n urgente de recursos econ\u00f3micos, humanos y formativos, incluyendo personal especializado en salud mental y mediaci\u00f3n con perspectiva de g\u00e9nero, manteniendo y reforzando la figura de coordinador\/a de igualdad y convivencia, as\u00ed como el Observatorio de Igualdad y Convivencia.<\/p>\n\n\n\n<p><strong>Una llamada a la rectificaci\u00f3n<\/strong><\/p>\n\n\n\n<p>La Associaci\u00f3 per la Coeducaci\u00f3, considera <em>\u201cun \u00e9xito la adhesi\u00f3n de firmas al comunicado como prueba de que, nuestra inquietud, no es algo meramente particular sino compartida a nivel social y que exige, por tanto, una respuesta inmediata por parte de la Conselleria d\u2019Educaci\u00f3\u201d<\/em>. Desde la asociaci\u00f3n se muestran pesimistas ante una posible rectificaci\u00f3n de la Conselleria d\u2019Educaci\u00f3, pero, en palabras de Paqui M\u00e9ndez,<em> \u201cel silencio nos convertir\u00eda en c\u00f3mplices y queremos dejar constancia p\u00fablica de nuestro rechazo a este decreto y a una estrategia pol\u00edtica contra la coeducaci\u00f3n; reivindicamos un modelo de convivencia con recursos, herramientas y especialistas\u201d.<\/em> Por su parte, Agust\u00edn Zaragoz\u00e1, miembro de la asociaci\u00f3n y profesor de Filosof\u00eda, considera que <em>\u201clos centros educativos responder\u00e1n a este decreto en cuanto lo conozcan profundamente, porque, como suele ocurrir, el profesorado lo leer\u00e1 a \u00faltima hora, por la sobrecarga de tareas, y tomar\u00e1 conciencia de las enormes consecuencias que tendr\u00e1 tanto en los centros educativos como en la carga emocional y profesional reca\u00edda sobre los docentes sin recursos y sin apoyo especializado\u201d.<\/em><\/p>\n\n\n\n<p>Bajo el lema \u00abSin coeducaci\u00f3n no hay convivencia\u00bb, la asociaci\u00f3n reclama la retirada inmediata del Decreto 193\/2025. Exigen que la igualdad vuelva a ser el eje central del sistema educativo y que se excluya expl\u00edcitamente la conciliaci\u00f3n en cualquier caso que involucre violencia. La educaci\u00f3n, recuerdan, nunca es neutral: si no trabaja activamente por la igualdad, termina reproduciendo las desigualdades que ya existen en la sociedad.<\/p>\n\n\n\n<p><strong>LISTADO ENTIDADES FIRMANTES<\/strong><\/p>\n\n\n\n<ol type=\"1\"><li>Associaci\u00f3 per la Coeducaci\u00f3<\/li><li>Federaci\u00f3 Dones Progressistes<\/li><li>Aitana Asociaci\u00f3n de Mujeres<\/li><li>Cl\u00e1sicas y Modernas<\/li><li>Asociaci\u00f3n de Mujeres de la cultura y la educaci\u00f3n (AMCE)<\/li><li>Asociaci\u00f3n por la igualdad de g\u00e9nero de Castell\u00f3n<\/li><li>Asociaci\u00f3n de profesorado Legado de las Mujeres<\/li><li>Dones de Picanya<\/li><li>Intersindical Valenciana<\/li><li>Dones de Xirivella en Acci\u00f3<\/li><li>Confederaci\u00f3 Gonzalo Anaya<\/li><li>FAMPA Valencia<\/li><li>FAMPA Castell\u00f3-Pe\u00f1agolosa<\/li><li>FAMPA Enric Valor de Alicante<\/li><li>STEPV<\/li><li>Asociaci\u00f3n E-Mujeres<\/li><li>FECCOOPV<\/li><li>AFA CEIP Ausi\u00e0s March Picanya<\/li><li>Associaci\u00f3 Feminista Lliures de l\u2019Eliana<\/li><li>CCOOPV<\/li><li>Plataforma El Pin\u00f3s contra la viol\u00e8ncia de g\u00e9nere<\/li><li>REUNIFEM<\/li><li>Mercedes Alca\u00f1iz Moscard\u00f3. Professora Titular de Sociologia. Universitat Jaume I. Castell\u00f3.<\/li><li>Asociaci\u00f3n Ant\u00edgona<\/li><li>Separadas y Divorciadas<\/li><li>Dones Morades<\/li><li>EUPV<\/li><li>Moviment Democr\u00e0tic de Dones<\/li><li>Som de Pit<\/li><li>Institut Interuniversitari d\u2019Estudis de les Dones<\/li><li>Front Abolicionista del PV<\/li><li>Feministes d\u2019Alginet<\/li><li>Dones Progressistes de Benic\u00e0ssim<\/li><li>Comissi\u00f3 de la Dona de l&#8217;Associaci\u00f3 de Ve\u00efns i Ve\u00efnes de Jes\u00fas<\/li><li>Aliades per la Igualtat<\/li><li>Plataforma Violeta de El Campello<\/li><li>Xateba Asociaci\u00f3n por la igualdad y contra la violencia de g\u00e9nero<\/li><li>Asociaci\u00f3n Mujeres Eleonor Rooselvet<\/li><li>Col.lectiu de Dones de Montcada<\/li><li>PSPV<\/li><li>Asociaci\u00f3n Kl\u00edas, investigaci\u00f3n y divulgaci\u00f3n feminista<\/li><li>Col.lectiu Feminista Les T\u00e0peres de Montesa<\/li><li>Mujeres por Derecho<\/li><li>Coordinadora Feminista de Castell\u00f3<\/li><li>Podem Valencia<\/li><li>Asociaci\u00f3n de Mujeres Investigadoras y Tecn\u00f3logas Comunidad Valenciana<\/li><li>Asociaci\u00f3n de Mujeres Investigadoras y Tecn\u00f3logas Murcia<\/li><li>Casa de la Dona de Silla<\/li><li>Liceu de Dones Castell\u00f3<\/li><li>Associaci\u00f3 Dones Barri Orriols-Rascaya<\/li><li>Espai FIGA<\/li><li>Plataforma Cedaw Ombra PV<\/li><li>Col.lectiu per la Sororitat d\u2019Albal<\/li><li>Associaci\u00f3 cultural&nbsp; ALGOLEJA, d\u2019Alginet<\/li><li>Xarxa de Dones de la Marina<\/li><li>Dones per la cultura i l&#8217;esport de Riola<\/li><li>Confederaci\u00f3n de Asociaciones Vecinales CV. CAVE-COVA<\/li><li>Alanna<\/li><li>UGT Serveis P\u00fablics PV<\/li><li>Fil\u00f3sofas en la Historia<\/li><li>Plataforma Per la Igualdad Raspeig<\/li><li>Assemblea Feminista d&#8217;Alaqu\u00e0s<\/li><li>Asociaci\u00f3n Profesional de Agentes de Igualdad de la CV<\/li><li>Associaci\u00f3 M\u00e9s que Dones<\/li><li>Associaci\u00f3 feminista ADONA\u2019T de La Canyada ( Paterna)<\/li><li>Asociaci\u00f3n Appromig CV<\/li><li>Col-lectiu 8 de Mar\u00e7 d\u2019Alcoi i Comtat<\/li><li>Plataforma Feminista d\u2019Ontinyent<\/li><li>Lydia Delicado-Moratalla, profesora de geograf\u00eda humana de la UA<\/li><li>Associaci\u00f3 ESPAI FEMINISTA AVANT de B\u00e9tera<\/li><li>Asociaci\u00f3n de Mujeres Vecinales Elche<\/li><li>Coordinadora Feminista de Valencia<\/li><li>Asociaci\u00f3n de Mujeres por la salud y la paz<\/li><li>Mujeres de Negro Valencia<\/li><li>Associaci\u00f3 Agermanades-Moviment feminista de l\u2019Alcudia<\/li><li>ACICOM (Associaci\u00f3 Ciutadania i Comunicaci\u00f3)<\/li><li>Asamblea Feminista Vinalop\u00f3 Mitj\u00e0<\/li><li>Col\u00b7lectiu Obrim una finestra al m\u00f3n<\/li><li>Dones per la cultura i l&#8217;esport de Riola<\/li><li>Decidim, Plataforma pel Dret a Decidir del Pa\u00eds Valenci\u00e0<\/li><li>Plataforma Violeta El Campello<\/li><li>Alianza de Mujeres Feministas de Alicante<\/li><li>Associaci\u00f3 de Dones Nacionalistes \u201cTerra\u201d.<\/li><li>ADONA\u2019T de Castell\u00f3<\/li><li>Instituto Feminista de la UJI<\/li><li>grupo Gea- Cl\u00edo, proyecto de innovaci\u00f3n did\u00e1ctica<\/li><li>L&#8217;escola Gavina<\/li><li>Comprom\u00eds<\/li><li>Moviment Sumar Pa\u00eds Valenci\u00e0&nbsp;<\/li><\/ol>\n","protected":false},"excerpt":{"rendered":"<p>Advierten que el nuevo Decreto de Convivencia invisibiliza la violencia de g\u00e9nero en las aulas valencianas Cerca de 80 entidades firman un comunicado de protesta contra el Decreto de Convivencia de la Conselleria d\u2019Educaci\u00f3 que entra en vigor este mes. Entre las firmantes, la Confederaci\u00f3 Gonzalo Anaya, FAMPA; los sindicatos de la ense\u00f1anza, STEPV, Intersindical Valenciana,CCOO de l\u2019Ensenyament o UGT, as\u00ed como el Institut Interuniversitari d\u2019Estudis de les Dones de la Universitat de Val\u00e8ncia; tambi\u00e9n est\u00e1n asociaciones de gran importancia para la igualdad como la Asociaci\u00f3n Profesional de Agentes de Igualdad, la Coordinadora Feminista de Val\u00e8ncia, o la Federaci\u00f3 Dones Progressistes, entre otras. VAL\u00c8NCIA \u2013 La comunidad educativa valenciana se enfrenta a un cambio de paradigma con la entrada en vigor, el pr\u00f3ximo 7 de enero, del Decreto 193\/2025 de convivencia. Sin embargo, lo que se presenta como una actualizaci\u00f3n normativa ha encendido las alarmas de la Associaci\u00f3 per la Coeducaci\u00f3 de Val\u00e8ncia, que denuncia un retroceso alarmante en materia de igualdad y una desprotecci\u00f3n evidente ante las violencias machistas en el entorno escolar. La entidad sostiene que el nuevo texto desplaza la coeducaci\u00f3n de su lugar como eje vertebrador para convertirla en una menci\u00f3n meramente testimonial. Al diluir la [&hellip;]<\/p>\n","protected":false},"author":5,"featured_media":12154,"comment_status":"closed","ping_status":"closed","sticky":false,"template":"","format":"standard","meta":[],"categories":[54],"tags":[],"yoast_head":"<!-- This site is optimized with the Yoast SEO plugin v19.2 - https:\/\/yoast.com\/wordpress\/plugins\/seo\/ -->\n<title>Sin coeducaci\u00f3n no hay convivencia | Gonzalo Anaya<\/title>\n<meta name=\"robots\" content=\"index, follow, max-snippet:-1, max-image-preview:large, max-video-preview:-1\" \/>\n<link rel=\"canonical\" href=\"https:\/\/www.gonzaloanaya.com\/es\/2026\/01\/05\/sin-coeducacion-no-hay-convivencia\/\" \/>\n<meta property=\"og:locale\" content=\"es_ES\" \/>\n<meta property=\"og:type\" content=\"article\" \/>\n<meta property=\"og:title\" content=\"Sin coeducaci\u00f3n no hay convivencia | Gonzalo Anaya\" \/>\n<meta property=\"og:description\" content=\"Advierten que el nuevo Decreto de Convivencia invisibiliza la violencia de g\u00e9nero en las aulas valencianas Cerca de 80 entidades firman un comunicado de protesta contra el Decreto de Convivencia de la Conselleria d\u2019Educaci\u00f3 que entra en vigor este mes. Entre las firmantes, la Confederaci\u00f3 Gonzalo Anaya, FAMPA; los sindicatos de la ense\u00f1anza, STEPV, Intersindical Valenciana,CCOO de l\u2019Ensenyament o UGT, as\u00ed como el Institut Interuniversitari d\u2019Estudis de les Dones de la Universitat de Val\u00e8ncia; tambi\u00e9n est\u00e1n asociaciones de gran importancia para la igualdad como la Asociaci\u00f3n Profesional de Agentes de Igualdad, la Coordinadora Feminista de Val\u00e8ncia, o la Federaci\u00f3 Dones Progressistes, entre otras. VAL\u00c8NCIA \u2013 La comunidad educativa valenciana se enfrenta a un cambio de paradigma con la entrada en vigor, el pr\u00f3ximo 7 de enero, del Decreto 193\/2025 de convivencia. Sin embargo, lo que se presenta como una actualizaci\u00f3n normativa ha encendido las alarmas de la Associaci\u00f3 per la Coeducaci\u00f3 de Val\u00e8ncia, que denuncia un retroceso alarmante en materia de igualdad y una desprotecci\u00f3n evidente ante las violencias machistas en el entorno escolar. La entidad sostiene que el nuevo texto desplaza la coeducaci\u00f3n de su lugar como eje vertebrador para convertirla en una menci\u00f3n meramente testimonial. Al diluir la [&hellip;]\" \/>\n<meta property=\"og:url\" content=\"https:\/\/www.gonzaloanaya.com\/es\/2026\/01\/05\/sin-coeducacion-no-hay-convivencia\/\" \/>\n<meta property=\"og:site_name\" content=\"Gonzalo Anaya\" \/>\n<meta property=\"article:publisher\" content=\"https:\/\/www.facebook.com\/confederacio.gonzaloanaya\" \/>\n<meta property=\"article:published_time\" content=\"2026-01-05T10:36:45+00:00\" \/>\n<meta property=\"article:modified_time\" content=\"2026-01-09T08:21:43+00:00\" \/>\n<meta property=\"og:image\" content=\"https:\/\/www.gonzaloanaya.com\/wp-content\/uploads\/2026\/01\/coeducar.jpg\" \/>\n\t<meta property=\"og:image:width\" content=\"940\" \/>\n\t<meta property=\"og:image:height\" content=\"788\" \/>\n\t<meta property=\"og:image:type\" content=\"image\/jpeg\" \/>\n<meta name=\"author\" content=\"Gonzalo Anaya\" \/>\n<meta name=\"twitter:card\" content=\"summary\" \/>\n<meta name=\"twitter:label1\" content=\"Escrito por\" \/>\n\t<meta name=\"twitter:data1\" content=\"Gonzalo Anaya\" \/>\n\t<meta name=\"twitter:label2\" content=\"Tiempo de lectura\" \/>\n\t<meta name=\"twitter:data2\" content=\"8 minutos\" \/>\n<script type=\"application\/ld+json\" class=\"yoast-schema-graph\">{\"@context\":\"https:\/\/schema.org\",\"@graph\":[{\"@type\":\"WebSite\",\"@id\":\"https:\/\/www.gonzaloanaya.com\/es\/#website\",\"url\":\"https:\/\/www.gonzaloanaya.com\/es\/\",\"name\":\"Gonzalo Anaya\",\"description\":\"Confederaci\u00f3n de Asociaciones de Padres y Madres de Alumnos de la Comunidad Valenciana \\\"Gonzalo Anaya\\\" \",\"potentialAction\":[{\"@type\":\"SearchAction\",\"target\":{\"@type\":\"EntryPoint\",\"urlTemplate\":\"https:\/\/www.gonzaloanaya.com\/es\/?s={search_term_string}\"},\"query-input\":\"required name=search_term_string\"}],\"inLanguage\":\"es\"},{\"@type\":\"ImageObject\",\"inLanguage\":\"es\",\"@id\":\"https:\/\/www.gonzaloanaya.com\/es\/2026\/01\/05\/sin-coeducacion-no-hay-convivencia\/#primaryimage\",\"url\":\"http:\/\/www.gonzaloanaya.com\/wp-content\/uploads\/2026\/01\/coeducar.jpg\",\"contentUrl\":\"http:\/\/www.gonzaloanaya.com\/wp-content\/uploads\/2026\/01\/coeducar.jpg\",\"width\":940,\"height\":788},{\"@type\":\"WebPage\",\"@id\":\"https:\/\/www.gonzaloanaya.com\/es\/2026\/01\/05\/sin-coeducacion-no-hay-convivencia\/#webpage\",\"url\":\"https:\/\/www.gonzaloanaya.com\/es\/2026\/01\/05\/sin-coeducacion-no-hay-convivencia\/\",\"name\":\"Sin coeducaci\u00f3n no hay convivencia | Gonzalo Anaya\",\"isPartOf\":{\"@id\":\"https:\/\/www.gonzaloanaya.com\/es\/#website\"},\"primaryImageOfPage\":{\"@id\":\"https:\/\/www.gonzaloanaya.com\/es\/2026\/01\/05\/sin-coeducacion-no-hay-convivencia\/#primaryimage\"},\"datePublished\":\"2026-01-05T10:36:45+00:00\",\"dateModified\":\"2026-01-09T08:21:43+00:00\",\"author\":{\"@id\":\"https:\/\/www.gonzaloanaya.com\/es\/#\/schema\/person\/d8c15b9dc3faa865aedb2546bd9f80b8\"},\"breadcrumb\":{\"@id\":\"https:\/\/www.gonzaloanaya.com\/es\/2026\/01\/05\/sin-coeducacion-no-hay-convivencia\/#breadcrumb\"},\"inLanguage\":\"es\",\"potentialAction\":[{\"@type\":\"ReadAction\",\"target\":[\"https:\/\/www.gonzaloanaya.com\/es\/2026\/01\/05\/sin-coeducacion-no-hay-convivencia\/\"]}]},{\"@type\":\"BreadcrumbList\",\"@id\":\"https:\/\/www.gonzaloanaya.com\/es\/2026\/01\/05\/sin-coeducacion-no-hay-convivencia\/#breadcrumb\",\"itemListElement\":[{\"@type\":\"ListItem\",\"position\":1,\"name\":\"Inici\",\"item\":\"https:\/\/www.gonzaloanaya.com\/es\/\"},{\"@type\":\"ListItem\",\"position\":2,\"name\":\"Sin coeducaci\u00f3n no hay convivencia\"}]},{\"@type\":\"Person\",\"@id\":\"https:\/\/www.gonzaloanaya.com\/es\/#\/schema\/person\/d8c15b9dc3faa865aedb2546bd9f80b8\",\"name\":\"Gonzalo Anaya\",\"image\":{\"@type\":\"ImageObject\",\"inLanguage\":\"es\",\"@id\":\"https:\/\/www.gonzaloanaya.com\/es\/#\/schema\/person\/image\/\",\"url\":\"http:\/\/0.gravatar.com\/avatar\/f76811ed77bbc23341618522f4177145?s=96&d=mm&r=g\",\"contentUrl\":\"http:\/\/0.gravatar.com\/avatar\/f76811ed77bbc23341618522f4177145?s=96&d=mm&r=g\",\"caption\":\"Gonzalo Anaya\"},\"sameAs\":[\"http:\/\/www.gonzaloanaya.com\"],\"url\":\"http:\/\/www.gonzaloanaya.com\/es\/author\/gonzalo-anaya\/\"}]}<\/script>\n<!-- \/ Yoast SEO plugin. -->","yoast_head_json":{"title":"Sin coeducaci\u00f3n no hay convivencia | Gonzalo Anaya","robots":{"index":"index","follow":"follow","max-snippet":"max-snippet:-1","max-image-preview":"max-image-preview:large","max-video-preview":"max-video-preview:-1"},"canonical":"https:\/\/www.gonzaloanaya.com\/es\/2026\/01\/05\/sin-coeducacion-no-hay-convivencia\/","og_locale":"es_ES","og_type":"article","og_title":"Sin coeducaci\u00f3n no hay convivencia | Gonzalo Anaya","og_description":"Advierten que el nuevo Decreto de Convivencia invisibiliza la violencia de g\u00e9nero en las aulas valencianas Cerca de 80 entidades firman un comunicado de protesta contra el Decreto de Convivencia de la Conselleria d\u2019Educaci\u00f3 que entra en vigor este mes. Entre las firmantes, la Confederaci\u00f3 Gonzalo Anaya, FAMPA; los sindicatos de la ense\u00f1anza, STEPV, Intersindical Valenciana,CCOO de l\u2019Ensenyament o UGT, as\u00ed como el Institut Interuniversitari d\u2019Estudis de les Dones de la Universitat de Val\u00e8ncia; tambi\u00e9n est\u00e1n asociaciones de gran importancia para la igualdad como la Asociaci\u00f3n Profesional de Agentes de Igualdad, la Coordinadora Feminista de Val\u00e8ncia, o la Federaci\u00f3 Dones Progressistes, entre otras. VAL\u00c8NCIA \u2013 La comunidad educativa valenciana se enfrenta a un cambio de paradigma con la entrada en vigor, el pr\u00f3ximo 7 de enero, del Decreto 193\/2025 de convivencia. Sin embargo, lo que se presenta como una actualizaci\u00f3n normativa ha encendido las alarmas de la Associaci\u00f3 per la Coeducaci\u00f3 de Val\u00e8ncia, que denuncia un retroceso alarmante en materia de igualdad y una desprotecci\u00f3n evidente ante las violencias machistas en el entorno escolar. La entidad sostiene que el nuevo texto desplaza la coeducaci\u00f3n de su lugar como eje vertebrador para convertirla en una menci\u00f3n meramente testimonial. Al diluir la [&hellip;]","og_url":"https:\/\/www.gonzaloanaya.com\/es\/2026\/01\/05\/sin-coeducacion-no-hay-convivencia\/","og_site_name":"Gonzalo Anaya","article_publisher":"https:\/\/www.facebook.com\/confederacio.gonzaloanaya","article_published_time":"2026-01-05T10:36:45+00:00","article_modified_time":"2026-01-09T08:21:43+00:00","og_image":[{"width":940,"height":788,"url":"https:\/\/www.gonzaloanaya.com\/wp-content\/uploads\/2026\/01\/coeducar.jpg","type":"image\/jpeg"}],"author":"Gonzalo Anaya","twitter_card":"summary","twitter_misc":{"Escrito por":"Gonzalo Anaya","Tiempo de lectura":"8 minutos"},"schema":{"@context":"https:\/\/schema.org","@graph":[{"@type":"WebSite","@id":"https:\/\/www.gonzaloanaya.com\/es\/#website","url":"https:\/\/www.gonzaloanaya.com\/es\/","name":"Gonzalo Anaya","description":"Confederaci\u00f3n de Asociaciones de Padres y Madres de Alumnos de la Comunidad Valenciana \"Gonzalo Anaya\" ","potentialAction":[{"@type":"SearchAction","target":{"@type":"EntryPoint","urlTemplate":"https:\/\/www.gonzaloanaya.com\/es\/?s={search_term_string}"},"query-input":"required name=search_term_string"}],"inLanguage":"es"},{"@type":"ImageObject","inLanguage":"es","@id":"https:\/\/www.gonzaloanaya.com\/es\/2026\/01\/05\/sin-coeducacion-no-hay-convivencia\/#primaryimage","url":"http:\/\/www.gonzaloanaya.com\/wp-content\/uploads\/2026\/01\/coeducar.jpg","contentUrl":"http:\/\/www.gonzaloanaya.com\/wp-content\/uploads\/2026\/01\/coeducar.jpg","width":940,"height":788},{"@type":"WebPage","@id":"https:\/\/www.gonzaloanaya.com\/es\/2026\/01\/05\/sin-coeducacion-no-hay-convivencia\/#webpage","url":"https:\/\/www.gonzaloanaya.com\/es\/2026\/01\/05\/sin-coeducacion-no-hay-convivencia\/","name":"Sin coeducaci\u00f3n no hay convivencia | Gonzalo Anaya","isPartOf":{"@id":"https:\/\/www.gonzaloanaya.com\/es\/#website"},"primaryImageOfPage":{"@id":"https:\/\/www.gonzaloanaya.com\/es\/2026\/01\/05\/sin-coeducacion-no-hay-convivencia\/#primaryimage"},"datePublished":"2026-01-05T10:36:45+00:00","dateModified":"2026-01-09T08:21:43+00:00","author":{"@id":"https:\/\/www.gonzaloanaya.com\/es\/#\/schema\/person\/d8c15b9dc3faa865aedb2546bd9f80b8"},"breadcrumb":{"@id":"https:\/\/www.gonzaloanaya.com\/es\/2026\/01\/05\/sin-coeducacion-no-hay-convivencia\/#breadcrumb"},"inLanguage":"es","potentialAction":[{"@type":"ReadAction","target":["https:\/\/www.gonzaloanaya.com\/es\/2026\/01\/05\/sin-coeducacion-no-hay-convivencia\/"]}]},{"@type":"BreadcrumbList","@id":"https:\/\/www.gonzaloanaya.com\/es\/2026\/01\/05\/sin-coeducacion-no-hay-convivencia\/#breadcrumb","itemListElement":[{"@type":"ListItem","position":1,"name":"Inici","item":"https:\/\/www.gonzaloanaya.com\/es\/"},{"@type":"ListItem","position":2,"name":"Sin coeducaci\u00f3n no hay convivencia"}]},{"@type":"Person","@id":"https:\/\/www.gonzaloanaya.com\/es\/#\/schema\/person\/d8c15b9dc3faa865aedb2546bd9f80b8","name":"Gonzalo Anaya","image":{"@type":"ImageObject","inLanguage":"es","@id":"https:\/\/www.gonzaloanaya.com\/es\/#\/schema\/person\/image\/","url":"http:\/\/0.gravatar.com\/avatar\/f76811ed77bbc23341618522f4177145?s=96&d=mm&r=g","contentUrl":"http:\/\/0.gravatar.com\/avatar\/f76811ed77bbc23341618522f4177145?s=96&d=mm&r=g","caption":"Gonzalo Anaya"},"sameAs":["http:\/\/www.gonzaloanaya.com"],"url":"http:\/\/www.gonzaloanaya.com\/es\/author\/gonzalo-anaya\/"}]}},"_links":{"self":[{"href":"http:\/\/www.gonzaloanaya.com\/es\/wp-json\/wp\/v2\/posts\/12152"}],"collection":[{"href":"http:\/\/www.gonzaloanaya.com\/es\/wp-json\/wp\/v2\/posts"}],"about":[{"href":"http:\/\/www.gonzaloanaya.com\/es\/wp-json\/wp\/v2\/types\/post"}],"author":[{"embeddable":true,"href":"http:\/\/www.gonzaloanaya.com\/es\/wp-json\/wp\/v2\/users\/5"}],"replies":[{"embeddable":true,"href":"http:\/\/www.gonzaloanaya.com\/es\/wp-json\/wp\/v2\/comments?post=12152"}],"version-history":[{"count":3,"href":"http:\/\/www.gonzaloanaya.com\/es\/wp-json\/wp\/v2\/posts\/12152\/revisions"}],"predecessor-version":[{"id":12165,"href":"http:\/\/www.gonzaloanaya.com\/es\/wp-json\/wp\/v2\/posts\/12152\/revisions\/12165"}],"wp:featuredmedia":[{"embeddable":true,"href":"http:\/\/www.gonzaloanaya.com\/es\/wp-json\/wp\/v2\/media\/12154"}],"wp:attachment":[{"href":"http:\/\/www.gonzaloanaya.com\/es\/wp-json\/wp\/v2\/media?parent=12152"}],"wp:term":[{"taxonomy":"category","embeddable":true,"href":"http:\/\/www.gonzaloanaya.com\/es\/wp-json\/wp\/v2\/categories?post=12152"},{"taxonomy":"post_tag","embeddable":true,"href":"http:\/\/www.gonzaloanaya.com\/es\/wp-json\/wp\/v2\/tags?post=12152"}],"curies":[{"name":"wp","href":"https:\/\/api.w.org\/{rel}","templated":true}]}}