{"id":12122,"date":"2026-01-05T09:44:37","date_gmt":"2026-01-05T08:44:37","guid":{"rendered":"https:\/\/www.gonzaloanaya.com\/?p=12122"},"modified":"2026-01-05T09:44:40","modified_gmt":"2026-01-05T08:44:40","slug":"vicent-gumbau-nuevo-presidente-de-la-confederacion-gonzalo-anaya","status":"publish","type":"post","link":"http:\/\/www.gonzaloanaya.com\/es\/2026\/01\/05\/vicent-gumbau-nuevo-presidente-de-la-confederacion-gonzalo-anaya\/","title":{"rendered":"Vicent Gumbau, nuevo presidente de la Confederaci\u00f3n Gonzalo Anaya"},"content":{"rendered":"\n<p>Rub\u00e9n Pacheco acaba el mandato y se despide despu\u00e9s de seis a\u00f1os al frente de la organizaci\u00f3n mayoritaria de AMPA<\/p>\n\n\n\n<p>\u2022 Vicent Gumbau: \u201cHacemos una llamada para que m\u00e1s familias se impliquen en las escuelas e IES porque hay que seguir luchando para mejorar la educaci\u00f3n p\u00fablica\u201d<\/p>\n\n\n\n<p>\u2022 Se ha renovado la junta directiva con nuevos cargos de FAMPA-Val\u00e8ncia, FAMPA Castell\u00f3 Penyagolosa y FAMPA Enric Valor Alacant.<\/p>\n\n\n\n<p>Compromisarias y compromisarios de FAMPA-Val\u00e8ncia, FAMPA Castell\u00f3 Penyagolosa y FAMPA Alicante han participado en la Asamblea General 2025, celebrada el pasado s\u00e1bado 29 de noviembre, en Val\u00e8ncia en el edificio Octubre CCC. La asamblea extraordinaria ha avalado por unanimidad la candidatura presentada por FAMPA Castell\u00f3 Penyagolosa para el mandato rotativo bianual, encabezada por Vicent Gumbau, procedente de las AFA de la Vall d&#8217;Uix\u00f3.<\/p>\n\n\n\n<p>Gumbau dedic\u00f3 unas palabras a la tarea de reivindicaci\u00f3n y de defensa de la escuela p\u00fablica de Rub\u00e9n Pacheco. \u201cRub\u00e9n Pacheco ha sido un referente para todas y todos, adem\u00e1s de un compa\u00f1ero incansable, un padre capaz de hacer llegar las ve de las familias de la escuela p\u00fablica a todas las instancias\u201d, se\u00f1al\u00f3 Gumbau.<\/p>\n\n\n\n<p>Por su parte, Rub\u00e9n Pacheco destac\u00f3: \u201cHa sido un honor representar a las AFA durante este tiempo, hay que continuar siendo cr\u00edticos y coherentes manteniendo la base de nuestra existencia: la educaci\u00f3n p\u00fablica, gratuita y en valenciano\u201d.<\/p>\n\n\n\n<p>En esta l\u00ednea Vicent Gumbau se dirigi\u00f3 a todas las instancias: \u201cEstamos a disposici\u00f3n de todas las instituciones, incluida la GVA, para poder mejorar la educaci\u00f3n p\u00fablica\u201d. Se\u00f1alar que Vicent Gumbau, es presidente del AFA CEIP Eleuterio P\u00e9rez de la Vall d&#8217;Uix\u00f3 y socio del AMPA IES Benigasl\u00f3. Es presidente de la Fampa Castell\u00f3 desde hace un mes y lleva ya dos a\u00f1os en las ejecutivas de la federaci\u00f3n y de la confederaci\u00f3n.<\/p>\n\n\n\n<p>La junta directiva ha dado cuenta de la memoria de actividades y proyecto de actividades, del balance de cuentas y del presupuesto. Todos los documentos presentados han tenido el voto a favor de la totalidad de las personas compromisarias; una vez escuchadas las enmiendas y aportaciones.<\/p>\n\n\n\n<p>En la sesi\u00f3n extraordinaria se ha dado la bienvenida a las madres y padres de las AMPA de todo el territorio que forman parte de la Junta Directiva y que son los siguientes: Antonio Verd\u00fa, (vicepresidente primero), Jose Casermeiro (vicepresidente segundo), Cristina Galiana (Secretar\u00eda de Organizaci\u00f3n) Paula Barcel\u00f3 (Secretar\u00eda de Finanzas), Adrian Arribas (Secretario de Administraci\u00f3n) y a los vocales, Josep P. Albiol, Solange Godoy y Andrea Nicol\u00e1s.<\/p>\n\n\n<figure class=\"wp-block-post-featured-image\"><img width=\"146\" height=\"146\" src=\"http:\/\/www.gonzaloanaya.com\/wp-content\/uploads\/2026\/01\/20251129_134421-146x146.jpg\" class=\"attachment-post-thumbnail size-post-thumbnail wp-post-image\" alt=\"Vicent Gumbau, nuevo presidente de la Confederaci\u00f3n Gonzalo Anaya\" loading=\"lazy\" srcset=\"http:\/\/www.gonzaloanaya.com\/wp-content\/uploads\/2026\/01\/20251129_134421-146x146.jpg 146w, http:\/\/www.gonzaloanaya.com\/wp-content\/uploads\/2026\/01\/20251129_134421-300x300.jpg 300w, http:\/\/www.gonzaloanaya.com\/wp-content\/uploads\/2026\/01\/20251129_134421-1024x1024.jpg 1024w, http:\/\/www.gonzaloanaya.com\/wp-content\/uploads\/2026\/01\/20251129_134421-150x150.jpg 150w, http:\/\/www.gonzaloanaya.com\/wp-content\/uploads\/2026\/01\/20251129_134421-768x768.jpg 768w, http:\/\/www.gonzaloanaya.com\/wp-content\/uploads\/2026\/01\/20251129_134421-1536x1536.jpg 1536w, http:\/\/www.gonzaloanaya.com\/wp-content\/uploads\/2026\/01\/20251129_134421-2048x2048.jpg 2048w, http:\/\/www.gonzaloanaya.com\/wp-content\/uploads\/2026\/01\/20251129_134421-50x50.jpg 50w, http:\/\/www.gonzaloanaya.com\/wp-content\/uploads\/2026\/01\/20251129_134421-80x80.jpg 80w, http:\/\/www.gonzaloanaya.com\/wp-content\/uploads\/2026\/01\/20251129_134421-75x75.jpg 75w, http:\/\/www.gonzaloanaya.com\/wp-content\/uploads\/2026\/01\/20251129_134421-85x85.jpg 85w\" sizes=\"(max-width: 146px) 100vw, 146px\" \/><\/figure>\n\n\n<figure class=\"wp-container-2 wp-block-gallery-1 wp-block-gallery has-nested-images columns-default is-cropped\">\n<figure class=\"wp-block-image size-large\"><img loading=\"lazy\" width=\"2560\" height=\"2560\" data-id=\"12117\"  src=\"https:\/\/www.gonzaloanaya.com\/wp-content\/uploads\/2026\/01\/20251129_133403-scaled-e1767602655686.jpg\" alt=\"\" class=\"wp-image-12117\" srcset=\"http:\/\/www.gonzaloanaya.com\/wp-content\/uploads\/2026\/01\/20251129_133403-scaled-e1767602655686.jpg 2560w, http:\/\/www.gonzaloanaya.com\/wp-content\/uploads\/2026\/01\/20251129_133403-scaled-e1767602655686-300x300.jpg 300w, http:\/\/www.gonzaloanaya.com\/wp-content\/uploads\/2026\/01\/20251129_133403-scaled-e1767602655686-1024x1024.jpg 1024w, http:\/\/www.gonzaloanaya.com\/wp-content\/uploads\/2026\/01\/20251129_133403-scaled-e1767602655686-150x150.jpg 150w, http:\/\/www.gonzaloanaya.com\/wp-content\/uploads\/2026\/01\/20251129_133403-scaled-e1767602655686-768x768.jpg 768w, http:\/\/www.gonzaloanaya.com\/wp-content\/uploads\/2026\/01\/20251129_133403-scaled-e1767602655686-1536x1536.jpg 1536w, http:\/\/www.gonzaloanaya.com\/wp-content\/uploads\/2026\/01\/20251129_133403-scaled-e1767602655686-2048x2048.jpg 2048w, http:\/\/www.gonzaloanaya.com\/wp-content\/uploads\/2026\/01\/20251129_133403-scaled-e1767602655686-146x146.jpg 146w, http:\/\/www.gonzaloanaya.com\/wp-content\/uploads\/2026\/01\/20251129_133403-scaled-e1767602655686-50x50.jpg 50w, http:\/\/www.gonzaloanaya.com\/wp-content\/uploads\/2026\/01\/20251129_133403-scaled-e1767602655686-80x80.jpg 80w, http:\/\/www.gonzaloanaya.com\/wp-content\/uploads\/2026\/01\/20251129_133403-scaled-e1767602655686-75x75.jpg 75w, http:\/\/www.gonzaloanaya.com\/wp-content\/uploads\/2026\/01\/20251129_133403-scaled-e1767602655686-85x85.jpg 85w\" sizes=\"(max-width: 2560px) 100vw, 2560px\" \/><\/figure>\n\n\n\n<figure class=\"wp-block-image size-large\"><img loading=\"lazy\" width=\"2560\" height=\"2560\" data-id=\"12115\"  src=\"https:\/\/www.gonzaloanaya.com\/wp-content\/uploads\/2026\/01\/20251129_105555-scaled.jpg\" alt=\"\" class=\"wp-image-12115\" srcset=\"http:\/\/www.gonzaloanaya.com\/wp-content\/uploads\/2026\/01\/20251129_105555-scaled.jpg 2560w, http:\/\/www.gonzaloanaya.com\/wp-content\/uploads\/2026\/01\/20251129_105555-300x300.jpg 300w, http:\/\/www.gonzaloanaya.com\/wp-content\/uploads\/2026\/01\/20251129_105555-1024x1024.jpg 1024w, http:\/\/www.gonzaloanaya.com\/wp-content\/uploads\/2026\/01\/20251129_105555-150x150.jpg 150w, http:\/\/www.gonzaloanaya.com\/wp-content\/uploads\/2026\/01\/20251129_105555-768x768.jpg 768w, http:\/\/www.gonzaloanaya.com\/wp-content\/uploads\/2026\/01\/20251129_105555-1536x1536.jpg 1536w, http:\/\/www.gonzaloanaya.com\/wp-content\/uploads\/2026\/01\/20251129_105555-2048x2048.jpg 2048w, http:\/\/www.gonzaloanaya.com\/wp-content\/uploads\/2026\/01\/20251129_105555-146x146.jpg 146w, http:\/\/www.gonzaloanaya.com\/wp-content\/uploads\/2026\/01\/20251129_105555-50x50.jpg 50w, http:\/\/www.gonzaloanaya.com\/wp-content\/uploads\/2026\/01\/20251129_105555-80x80.jpg 80w, http:\/\/www.gonzaloanaya.com\/wp-content\/uploads\/2026\/01\/20251129_105555-75x75.jpg 75w, http:\/\/www.gonzaloanaya.com\/wp-content\/uploads\/2026\/01\/20251129_105555-85x85.jpg 85w\" sizes=\"(max-width: 2560px) 100vw, 2560px\" \/><\/figure>\n\n\n\n<figure class=\"wp-block-image size-large\"><img loading=\"lazy\" width=\"2560\" height=\"2560\" data-id=\"12119\"  src=\"https:\/\/www.gonzaloanaya.com\/wp-content\/uploads\/2026\/01\/20251129_134421-scaled.jpg\" alt=\"\" class=\"wp-image-12119\" srcset=\"http:\/\/www.gonzaloanaya.com\/wp-content\/uploads\/2026\/01\/20251129_134421-scaled.jpg 2560w, http:\/\/www.gonzaloanaya.com\/wp-content\/uploads\/2026\/01\/20251129_134421-300x300.jpg 300w, http:\/\/www.gonzaloanaya.com\/wp-content\/uploads\/2026\/01\/20251129_134421-1024x1024.jpg 1024w, http:\/\/www.gonzaloanaya.com\/wp-content\/uploads\/2026\/01\/20251129_134421-150x150.jpg 150w, http:\/\/www.gonzaloanaya.com\/wp-content\/uploads\/2026\/01\/20251129_134421-768x768.jpg 768w, http:\/\/www.gonzaloanaya.com\/wp-content\/uploads\/2026\/01\/20251129_134421-1536x1536.jpg 1536w, http:\/\/www.gonzaloanaya.com\/wp-content\/uploads\/2026\/01\/20251129_134421-2048x2048.jpg 2048w, http:\/\/www.gonzaloanaya.com\/wp-content\/uploads\/2026\/01\/20251129_134421-146x146.jpg 146w, http:\/\/www.gonzaloanaya.com\/wp-content\/uploads\/2026\/01\/20251129_134421-50x50.jpg 50w, http:\/\/www.gonzaloanaya.com\/wp-content\/uploads\/2026\/01\/20251129_134421-80x80.jpg 80w, http:\/\/www.gonzaloanaya.com\/wp-content\/uploads\/2026\/01\/20251129_134421-75x75.jpg 75w, http:\/\/www.gonzaloanaya.com\/wp-content\/uploads\/2026\/01\/20251129_134421-85x85.jpg 85w\" sizes=\"(max-width: 2560px) 100vw, 2560px\" \/><\/figure>\n<\/figure>\n","protected":false},"excerpt":{"rendered":"<p>Rub\u00e9n Pacheco acaba el mandato y se despide despu\u00e9s de seis a\u00f1os al frente de la organizaci\u00f3n mayoritaria de AMPA \u2022 Vicent Gumbau: \u201cHacemos una llamada para que m\u00e1s familias se impliquen en las escuelas e IES porque hay que seguir luchando para mejorar la educaci\u00f3n p\u00fablica\u201d \u2022 Se ha renovado la junta directiva con nuevos cargos de FAMPA-Val\u00e8ncia, FAMPA Castell\u00f3 Penyagolosa y FAMPA Enric Valor Alacant. Compromisarias y compromisarios de FAMPA-Val\u00e8ncia, FAMPA Castell\u00f3 Penyagolosa y FAMPA Alicante han participado en la Asamblea General 2025, celebrada el pasado s\u00e1bado 29 de noviembre, en Val\u00e8ncia en el edificio Octubre CCC. La asamblea extraordinaria ha avalado por unanimidad la candidatura presentada por FAMPA Castell\u00f3 Penyagolosa para el mandato rotativo bianual, encabezada por Vicent Gumbau, procedente de las AFA de la Vall d&#8217;Uix\u00f3. Gumbau dedic\u00f3 unas palabras a la tarea de reivindicaci\u00f3n y de defensa de la escuela p\u00fablica de Rub\u00e9n Pacheco. \u201cRub\u00e9n Pacheco ha sido un referente para todas y todos, adem\u00e1s de un compa\u00f1ero incansable, un padre capaz de hacer llegar las ve de las familias de la escuela p\u00fablica a todas las instancias\u201d, se\u00f1al\u00f3 Gumbau. Por su parte, Rub\u00e9n Pacheco destac\u00f3: \u201cHa sido un honor representar a las AFA durante [&hellip;]<\/p>\n","protected":false},"author":5,"featured_media":12119,"comment_status":"closed","ping_status":"closed","sticky":false,"template":"","format":"standard","meta":[],"categories":[54],"tags":[],"yoast_head":"<!-- This site is optimized with the Yoast SEO plugin v19.2 - https:\/\/yoast.com\/wordpress\/plugins\/seo\/ -->\n<title>Vicent Gumbau, nuevo presidente de la Confederaci\u00f3n Gonzalo Anaya | Gonzalo Anaya<\/title>\n<meta name=\"robots\" content=\"index, follow, max-snippet:-1, max-image-preview:large, max-video-preview:-1\" \/>\n<link rel=\"canonical\" href=\"http:\/\/www.gonzaloanaya.com\/es\/2026\/01\/05\/vicent-gumbau-nuevo-presidente-de-la-confederacion-gonzalo-anaya\/\" \/>\n<meta property=\"og:locale\" content=\"es_ES\" \/>\n<meta property=\"og:type\" content=\"article\" \/>\n<meta property=\"og:title\" content=\"Vicent Gumbau, nuevo presidente de la Confederaci\u00f3n Gonzalo Anaya | Gonzalo Anaya\" \/>\n<meta property=\"og:description\" content=\"Rub\u00e9n Pacheco acaba el mandato y se despide despu\u00e9s de seis a\u00f1os al frente de la organizaci\u00f3n mayoritaria de AMPA \u2022 Vicent Gumbau: \u201cHacemos una llamada para que m\u00e1s familias se impliquen en las escuelas e IES porque hay que seguir luchando para mejorar la educaci\u00f3n p\u00fablica\u201d \u2022 Se ha renovado la junta directiva con nuevos cargos de FAMPA-Val\u00e8ncia, FAMPA Castell\u00f3 Penyagolosa y FAMPA Enric Valor Alacant. Compromisarias y compromisarios de FAMPA-Val\u00e8ncia, FAMPA Castell\u00f3 Penyagolosa y FAMPA Alicante han participado en la Asamblea General 2025, celebrada el pasado s\u00e1bado 29 de noviembre, en Val\u00e8ncia en el edificio Octubre CCC. La asamblea extraordinaria ha avalado por unanimidad la candidatura presentada por FAMPA Castell\u00f3 Penyagolosa para el mandato rotativo bianual, encabezada por Vicent Gumbau, procedente de las AFA de la Vall d&#8217;Uix\u00f3. Gumbau dedic\u00f3 unas palabras a la tarea de reivindicaci\u00f3n y de defensa de la escuela p\u00fablica de Rub\u00e9n Pacheco. \u201cRub\u00e9n Pacheco ha sido un referente para todas y todos, adem\u00e1s de un compa\u00f1ero incansable, un padre capaz de hacer llegar las ve de las familias de la escuela p\u00fablica a todas las instancias\u201d, se\u00f1al\u00f3 Gumbau. Por su parte, Rub\u00e9n Pacheco destac\u00f3: \u201cHa sido un honor representar a las AFA durante [&hellip;]\" \/>\n<meta property=\"og:url\" content=\"http:\/\/www.gonzaloanaya.com\/es\/2026\/01\/05\/vicent-gumbau-nuevo-presidente-de-la-confederacion-gonzalo-anaya\/\" \/>\n<meta property=\"og:site_name\" content=\"Gonzalo Anaya\" \/>\n<meta property=\"article:publisher\" content=\"https:\/\/www.facebook.com\/confederacio.gonzaloanaya\" \/>\n<meta property=\"article:published_time\" content=\"2026-01-05T08:44:37+00:00\" \/>\n<meta property=\"article:modified_time\" content=\"2026-01-05T08:44:40+00:00\" \/>\n<meta property=\"og:image\" content=\"http:\/\/www.gonzaloanaya.com\/wp-content\/uploads\/2026\/01\/20251129_134421-scaled.jpg\" \/>\n\t<meta property=\"og:image:width\" content=\"2560\" \/>\n\t<meta property=\"og:image:height\" content=\"2560\" \/>\n\t<meta property=\"og:image:type\" content=\"image\/jpeg\" \/>\n<meta name=\"author\" content=\"Gonzalo Anaya\" \/>\n<meta name=\"twitter:card\" content=\"summary\" \/>\n<meta name=\"twitter:label1\" content=\"Escrito por\" \/>\n\t<meta name=\"twitter:data1\" content=\"Gonzalo Anaya\" \/>\n\t<meta name=\"twitter:label2\" content=\"Tiempo de lectura\" \/>\n\t<meta name=\"twitter:data2\" content=\"3 minutos\" \/>\n<script type=\"application\/ld+json\" class=\"yoast-schema-graph\">{\"@context\":\"https:\/\/schema.org\",\"@graph\":[{\"@type\":\"WebSite\",\"@id\":\"https:\/\/www.gonzaloanaya.com\/es\/#website\",\"url\":\"https:\/\/www.gonzaloanaya.com\/es\/\",\"name\":\"Gonzalo Anaya\",\"description\":\"Confederaci\u00f3n de Asociaciones de Padres y Madres de Alumnos de la Comunidad Valenciana \\\"Gonzalo Anaya\\\" \",\"potentialAction\":[{\"@type\":\"SearchAction\",\"target\":{\"@type\":\"EntryPoint\",\"urlTemplate\":\"https:\/\/www.gonzaloanaya.com\/es\/?s={search_term_string}\"},\"query-input\":\"required name=search_term_string\"}],\"inLanguage\":\"es\"},{\"@type\":\"ImageObject\",\"inLanguage\":\"es\",\"@id\":\"http:\/\/www.gonzaloanaya.com\/es\/2026\/01\/05\/vicent-gumbau-nuevo-presidente-de-la-confederacion-gonzalo-anaya\/#primaryimage\",\"url\":\"http:\/\/www.gonzaloanaya.com\/wp-content\/uploads\/2026\/01\/20251129_134421-scaled.jpg\",\"contentUrl\":\"http:\/\/www.gonzaloanaya.com\/wp-content\/uploads\/2026\/01\/20251129_134421-scaled.jpg\",\"width\":2560,\"height\":2560},{\"@type\":\"WebPage\",\"@id\":\"http:\/\/www.gonzaloanaya.com\/es\/2026\/01\/05\/vicent-gumbau-nuevo-presidente-de-la-confederacion-gonzalo-anaya\/#webpage\",\"url\":\"http:\/\/www.gonzaloanaya.com\/es\/2026\/01\/05\/vicent-gumbau-nuevo-presidente-de-la-confederacion-gonzalo-anaya\/\",\"name\":\"Vicent Gumbau, nuevo presidente de la Confederaci\u00f3n Gonzalo Anaya | Gonzalo Anaya\",\"isPartOf\":{\"@id\":\"https:\/\/www.gonzaloanaya.com\/es\/#website\"},\"primaryImageOfPage\":{\"@id\":\"http:\/\/www.gonzaloanaya.com\/es\/2026\/01\/05\/vicent-gumbau-nuevo-presidente-de-la-confederacion-gonzalo-anaya\/#primaryimage\"},\"datePublished\":\"2026-01-05T08:44:37+00:00\",\"dateModified\":\"2026-01-05T08:44:40+00:00\",\"author\":{\"@id\":\"https:\/\/www.gonzaloanaya.com\/es\/#\/schema\/person\/d8c15b9dc3faa865aedb2546bd9f80b8\"},\"breadcrumb\":{\"@id\":\"http:\/\/www.gonzaloanaya.com\/es\/2026\/01\/05\/vicent-gumbau-nuevo-presidente-de-la-confederacion-gonzalo-anaya\/#breadcrumb\"},\"inLanguage\":\"es\",\"potentialAction\":[{\"@type\":\"ReadAction\",\"target\":[\"http:\/\/www.gonzaloanaya.com\/es\/2026\/01\/05\/vicent-gumbau-nuevo-presidente-de-la-confederacion-gonzalo-anaya\/\"]}]},{\"@type\":\"BreadcrumbList\",\"@id\":\"http:\/\/www.gonzaloanaya.com\/es\/2026\/01\/05\/vicent-gumbau-nuevo-presidente-de-la-confederacion-gonzalo-anaya\/#breadcrumb\",\"itemListElement\":[{\"@type\":\"ListItem\",\"position\":1,\"name\":\"Inici\",\"item\":\"https:\/\/www.gonzaloanaya.com\/es\/\"},{\"@type\":\"ListItem\",\"position\":2,\"name\":\"Vicent Gumbau, nuevo presidente de la Confederaci\u00f3n Gonzalo Anaya\"}]},{\"@type\":\"Person\",\"@id\":\"https:\/\/www.gonzaloanaya.com\/es\/#\/schema\/person\/d8c15b9dc3faa865aedb2546bd9f80b8\",\"name\":\"Gonzalo Anaya\",\"image\":{\"@type\":\"ImageObject\",\"inLanguage\":\"es\",\"@id\":\"https:\/\/www.gonzaloanaya.com\/es\/#\/schema\/person\/image\/\",\"url\":\"http:\/\/0.gravatar.com\/avatar\/f76811ed77bbc23341618522f4177145?s=96&d=mm&r=g\",\"contentUrl\":\"http:\/\/0.gravatar.com\/avatar\/f76811ed77bbc23341618522f4177145?s=96&d=mm&r=g\",\"caption\":\"Gonzalo Anaya\"},\"sameAs\":[\"http:\/\/www.gonzaloanaya.com\"],\"url\":\"http:\/\/www.gonzaloanaya.com\/es\/author\/gonzalo-anaya\/\"}]}<\/script>\n<!-- \/ Yoast SEO plugin. -->","yoast_head_json":{"title":"Vicent Gumbau, nuevo presidente de la Confederaci\u00f3n Gonzalo Anaya | Gonzalo Anaya","robots":{"index":"index","follow":"follow","max-snippet":"max-snippet:-1","max-image-preview":"max-image-preview:large","max-video-preview":"max-video-preview:-1"},"canonical":"http:\/\/www.gonzaloanaya.com\/es\/2026\/01\/05\/vicent-gumbau-nuevo-presidente-de-la-confederacion-gonzalo-anaya\/","og_locale":"es_ES","og_type":"article","og_title":"Vicent Gumbau, nuevo presidente de la Confederaci\u00f3n Gonzalo Anaya | Gonzalo Anaya","og_description":"Rub\u00e9n Pacheco acaba el mandato y se despide despu\u00e9s de seis a\u00f1os al frente de la organizaci\u00f3n mayoritaria de AMPA \u2022 Vicent Gumbau: \u201cHacemos una llamada para que m\u00e1s familias se impliquen en las escuelas e IES porque hay que seguir luchando para mejorar la educaci\u00f3n p\u00fablica\u201d \u2022 Se ha renovado la junta directiva con nuevos cargos de FAMPA-Val\u00e8ncia, FAMPA Castell\u00f3 Penyagolosa y FAMPA Enric Valor Alacant. Compromisarias y compromisarios de FAMPA-Val\u00e8ncia, FAMPA Castell\u00f3 Penyagolosa y FAMPA Alicante han participado en la Asamblea General 2025, celebrada el pasado s\u00e1bado 29 de noviembre, en Val\u00e8ncia en el edificio Octubre CCC. La asamblea extraordinaria ha avalado por unanimidad la candidatura presentada por FAMPA Castell\u00f3 Penyagolosa para el mandato rotativo bianual, encabezada por Vicent Gumbau, procedente de las AFA de la Vall d&#8217;Uix\u00f3. Gumbau dedic\u00f3 unas palabras a la tarea de reivindicaci\u00f3n y de defensa de la escuela p\u00fablica de Rub\u00e9n Pacheco. \u201cRub\u00e9n Pacheco ha sido un referente para todas y todos, adem\u00e1s de un compa\u00f1ero incansable, un padre capaz de hacer llegar las ve de las familias de la escuela p\u00fablica a todas las instancias\u201d, se\u00f1al\u00f3 Gumbau. Por su parte, Rub\u00e9n Pacheco destac\u00f3: \u201cHa sido un honor representar a las AFA durante [&hellip;]","og_url":"http:\/\/www.gonzaloanaya.com\/es\/2026\/01\/05\/vicent-gumbau-nuevo-presidente-de-la-confederacion-gonzalo-anaya\/","og_site_name":"Gonzalo Anaya","article_publisher":"https:\/\/www.facebook.com\/confederacio.gonzaloanaya","article_published_time":"2026-01-05T08:44:37+00:00","article_modified_time":"2026-01-05T08:44:40+00:00","og_image":[{"width":2560,"height":2560,"url":"http:\/\/www.gonzaloanaya.com\/wp-content\/uploads\/2026\/01\/20251129_134421-scaled.jpg","type":"image\/jpeg"}],"author":"Gonzalo Anaya","twitter_card":"summary","twitter_misc":{"Escrito por":"Gonzalo Anaya","Tiempo de lectura":"3 minutos"},"schema":{"@context":"https:\/\/schema.org","@graph":[{"@type":"WebSite","@id":"https:\/\/www.gonzaloanaya.com\/es\/#website","url":"https:\/\/www.gonzaloanaya.com\/es\/","name":"Gonzalo Anaya","description":"Confederaci\u00f3n de Asociaciones de Padres y Madres de Alumnos de la Comunidad Valenciana \"Gonzalo Anaya\" ","potentialAction":[{"@type":"SearchAction","target":{"@type":"EntryPoint","urlTemplate":"https:\/\/www.gonzaloanaya.com\/es\/?s={search_term_string}"},"query-input":"required name=search_term_string"}],"inLanguage":"es"},{"@type":"ImageObject","inLanguage":"es","@id":"http:\/\/www.gonzaloanaya.com\/es\/2026\/01\/05\/vicent-gumbau-nuevo-presidente-de-la-confederacion-gonzalo-anaya\/#primaryimage","url":"http:\/\/www.gonzaloanaya.com\/wp-content\/uploads\/2026\/01\/20251129_134421-scaled.jpg","contentUrl":"http:\/\/www.gonzaloanaya.com\/wp-content\/uploads\/2026\/01\/20251129_134421-scaled.jpg","width":2560,"height":2560},{"@type":"WebPage","@id":"http:\/\/www.gonzaloanaya.com\/es\/2026\/01\/05\/vicent-gumbau-nuevo-presidente-de-la-confederacion-gonzalo-anaya\/#webpage","url":"http:\/\/www.gonzaloanaya.com\/es\/2026\/01\/05\/vicent-gumbau-nuevo-presidente-de-la-confederacion-gonzalo-anaya\/","name":"Vicent Gumbau, nuevo presidente de la Confederaci\u00f3n Gonzalo Anaya | Gonzalo Anaya","isPartOf":{"@id":"https:\/\/www.gonzaloanaya.com\/es\/#website"},"primaryImageOfPage":{"@id":"http:\/\/www.gonzaloanaya.com\/es\/2026\/01\/05\/vicent-gumbau-nuevo-presidente-de-la-confederacion-gonzalo-anaya\/#primaryimage"},"datePublished":"2026-01-05T08:44:37+00:00","dateModified":"2026-01-05T08:44:40+00:00","author":{"@id":"https:\/\/www.gonzaloanaya.com\/es\/#\/schema\/person\/d8c15b9dc3faa865aedb2546bd9f80b8"},"breadcrumb":{"@id":"http:\/\/www.gonzaloanaya.com\/es\/2026\/01\/05\/vicent-gumbau-nuevo-presidente-de-la-confederacion-gonzalo-anaya\/#breadcrumb"},"inLanguage":"es","potentialAction":[{"@type":"ReadAction","target":["http:\/\/www.gonzaloanaya.com\/es\/2026\/01\/05\/vicent-gumbau-nuevo-presidente-de-la-confederacion-gonzalo-anaya\/"]}]},{"@type":"BreadcrumbList","@id":"http:\/\/www.gonzaloanaya.com\/es\/2026\/01\/05\/vicent-gumbau-nuevo-presidente-de-la-confederacion-gonzalo-anaya\/#breadcrumb","itemListElement":[{"@type":"ListItem","position":1,"name":"Inici","item":"https:\/\/www.gonzaloanaya.com\/es\/"},{"@type":"ListItem","position":2,"name":"Vicent Gumbau, nuevo presidente de la Confederaci\u00f3n Gonzalo Anaya"}]},{"@type":"Person","@id":"https:\/\/www.gonzaloanaya.com\/es\/#\/schema\/person\/d8c15b9dc3faa865aedb2546bd9f80b8","name":"Gonzalo Anaya","image":{"@type":"ImageObject","inLanguage":"es","@id":"https:\/\/www.gonzaloanaya.com\/es\/#\/schema\/person\/image\/","url":"http:\/\/0.gravatar.com\/avatar\/f76811ed77bbc23341618522f4177145?s=96&d=mm&r=g","contentUrl":"http:\/\/0.gravatar.com\/avatar\/f76811ed77bbc23341618522f4177145?s=96&d=mm&r=g","caption":"Gonzalo Anaya"},"sameAs":["http:\/\/www.gonzaloanaya.com"],"url":"http:\/\/www.gonzaloanaya.com\/es\/author\/gonzalo-anaya\/"}]}},"_links":{"self":[{"href":"http:\/\/www.gonzaloanaya.com\/es\/wp-json\/wp\/v2\/posts\/12122"}],"collection":[{"href":"http:\/\/www.gonzaloanaya.com\/es\/wp-json\/wp\/v2\/posts"}],"about":[{"href":"http:\/\/www.gonzaloanaya.com\/es\/wp-json\/wp\/v2\/types\/post"}],"author":[{"embeddable":true,"href":"http:\/\/www.gonzaloanaya.com\/es\/wp-json\/wp\/v2\/users\/5"}],"replies":[{"embeddable":true,"href":"http:\/\/www.gonzaloanaya.com\/es\/wp-json\/wp\/v2\/comments?post=12122"}],"version-history":[{"count":1,"href":"http:\/\/www.gonzaloanaya.com\/es\/wp-json\/wp\/v2\/posts\/12122\/revisions"}],"predecessor-version":[{"id":12123,"href":"http:\/\/www.gonzaloanaya.com\/es\/wp-json\/wp\/v2\/posts\/12122\/revisions\/12123"}],"wp:featuredmedia":[{"embeddable":true,"href":"http:\/\/www.gonzaloanaya.com\/es\/wp-json\/wp\/v2\/media\/12119"}],"wp:attachment":[{"href":"http:\/\/www.gonzaloanaya.com\/es\/wp-json\/wp\/v2\/media?parent=12122"}],"wp:term":[{"taxonomy":"category","embeddable":true,"href":"http:\/\/www.gonzaloanaya.com\/es\/wp-json\/wp\/v2\/categories?post=12122"},{"taxonomy":"post_tag","embeddable":true,"href":"http:\/\/www.gonzaloanaya.com\/es\/wp-json\/wp\/v2\/tags?post=12122"}],"curies":[{"name":"wp","href":"https:\/\/api.w.org\/{rel}","templated":true}]}}