{"id":11532,"date":"2024-10-11T08:01:07","date_gmt":"2024-10-11T07:01:07","guid":{"rendered":"https:\/\/www.gonzaloanaya.com\/?p=11532"},"modified":"2024-10-11T08:01:12","modified_gmt":"2024-10-11T07:01:12","slug":"la-confederacion-gonzalo-anaya-advierte-las-ampa-que-el-c1-de-valenciano-es-una-farsa-de-rovira-y-mazon","status":"publish","type":"post","link":"http:\/\/www.gonzaloanaya.com\/es\/2024\/10\/11\/la-confederacion-gonzalo-anaya-advierte-las-ampa-que-el-c1-de-valenciano-es-una-farsa-de-rovira-y-mazon\/","title":{"rendered":"La Confederaci\u00f3n Gonzalo Anaya advierte las AMPA que el C1 de valenciano es una \u201cfarsa\u201d de Rovira y Maz\u00f3n"},"content":{"rendered":"\n<ul><li><em>Rub\u00e9n Pacheco: \u201cTodo es un anuncio, propaganda para limpiar la imagen de un gobierno que no protege el valenciano y a cambio quiere regalar t\u00edtulos sin el rigor y las normas que fijan las directrices europeas\u201d.<\/em><\/li><\/ul>\n\n\n\n<ul><li><em>La Asamblea General acord\u00f3 rechazar la mal llamada Ley de Libertad Educativa y; unirse a las acciones y movilizaciones que luchan por el futuro del valenciano y para garantizar que nuestras hijas y nuestros hijos al acabar la ESO est\u00e9n capacitados para utilizar el valenciano, oralmente y por escrito, en igualdad con el castellano, tal como regula la LUEV.<\/em><\/li><\/ul>\n\n\n\n<p><strong>Val\u00e8ncia. 07\/10\/2024.<\/strong> La Asamblea General de la Confederaci\u00f3n Gonzalo Anaya se reuni\u00f3 el pasado s\u00e1bado 5 de octubre, en la sede de Caixa Popular en Paterna, para fijar las l\u00edneas de acci\u00f3n del mandato 2024-2025, de entre las cuales se encuentra la protecci\u00f3n del valenciano en la ense\u00f1anza, base de la identidad de la cultura valenciana; finalidad fundacional en los estatutos de la entidad que agrupa a FAMPA-Val\u00e8ncia, FAMPA Castell\u00f3 Penyagolosa y FAMPA Enric Valor Alacant, con 1106 AMPA\/AFA censadas. Es por esta raz\u00f3n que las compromisarias y los compromisarios, reunidas acordaron explicar en las AMPA\/AFA y a las familias que expedir certificados C1 con la nota de bachillerato tendr\u00e1 un recorrido corto porque no hay una correspondencia real con lo que describe el Marco com\u00fan europeo de referencia para las lenguas. \u201cEl nivel que quieren convalidar no se puede equiparar con el C1 del Marco com\u00fan europeo de Referencia para las lenguas\u201d, ha destacado Rub\u00e9n Pacheco.<\/p>\n\n\n\n<figure class=\"wp-block-image size-large\"><img loading=\"lazy\" width=\"1024\" height=\"768\" src=\"https:\/\/www.gonzaloanaya.com\/wp-content\/uploads\/2024\/10\/assemblea_5_04_2024_2jpg-1024x768.jpg\" alt=\"\" class=\"wp-image-11523\" srcset=\"http:\/\/www.gonzaloanaya.com\/wp-content\/uploads\/2024\/10\/assemblea_5_04_2024_2jpg-1024x768.jpg 1024w, http:\/\/www.gonzaloanaya.com\/wp-content\/uploads\/2024\/10\/assemblea_5_04_2024_2jpg-300x225.jpg 300w, http:\/\/www.gonzaloanaya.com\/wp-content\/uploads\/2024\/10\/assemblea_5_04_2024_2jpg-768x576.jpg 768w, http:\/\/www.gonzaloanaya.com\/wp-content\/uploads\/2024\/10\/assemblea_5_04_2024_2jpg-195x146.jpg 195w, http:\/\/www.gonzaloanaya.com\/wp-content\/uploads\/2024\/10\/assemblea_5_04_2024_2jpg-50x38.jpg 50w, http:\/\/www.gonzaloanaya.com\/wp-content\/uploads\/2024\/10\/assemblea_5_04_2024_2jpg-100x75.jpg 100w, http:\/\/www.gonzaloanaya.com\/wp-content\/uploads\/2024\/10\/assemblea_5_04_2024_2jpg.jpg 1280w\" sizes=\"(max-width: 1024px) 100vw, 1024px\" \/><\/figure>\n\n\n\n<p>Sobre el rechazo a la Ley de Libertad Educativa, se acord\u00f3 unirse a las acciones y movilizaciones que luchan por el futuro del valenciano y por el cumplimiento de la LUEV que regula que los alumnos tienen que estar capacitados para utilizar, oralmente y por escrito, el valenciano en igualdad con el castellano al acabar la ESO.<\/p>\n\n\n\n<p>Adem\u00e1s, se destac\u00f3 que la mal llamada Ley de Libertad Educativa del PP y VOX solo persigue hacer desaparecer el valenciano a las aulas, pretende crear un conflicto ling\u00fc\u00edstico en las escuelas y los IES, no asegura que haya aula y plazas en la lengua elegida, es ineficaz a la hora de desarrollar el modelo pluriling\u00fce y resta oportunidades de aprender lenguas al alumnado en conjunto.<\/p>\n\n\n\n<p>Como conclusi\u00f3n, la Confederaci\u00f3n de AMPA Gonzalo Anaya apoyar\u00e1 a todas las acciones que reivindican y luchan para que nuestras hijas y nuestros hijos puedan estudiar en valenciano dentro del sistema de ense\u00f1anza p\u00fablica y tal como garantiza la LUEV.<\/p>\n\n\n\n<figure class=\"wp-block-image size-large is-style-rounded\"><img loading=\"lazy\" width=\"1024\" height=\"768\" src=\"https:\/\/www.gonzaloanaya.com\/wp-content\/uploads\/2024\/10\/assemblea_horitzontal-1024x768.jpg\" alt=\"\" class=\"wp-image-11525\" srcset=\"http:\/\/www.gonzaloanaya.com\/wp-content\/uploads\/2024\/10\/assemblea_horitzontal-1024x768.jpg 1024w, http:\/\/www.gonzaloanaya.com\/wp-content\/uploads\/2024\/10\/assemblea_horitzontal-300x225.jpg 300w, http:\/\/www.gonzaloanaya.com\/wp-content\/uploads\/2024\/10\/assemblea_horitzontal-768x576.jpg 768w, http:\/\/www.gonzaloanaya.com\/wp-content\/uploads\/2024\/10\/assemblea_horitzontal-195x146.jpg 195w, http:\/\/www.gonzaloanaya.com\/wp-content\/uploads\/2024\/10\/assemblea_horitzontal-50x38.jpg 50w, http:\/\/www.gonzaloanaya.com\/wp-content\/uploads\/2024\/10\/assemblea_horitzontal-100x75.jpg 100w, http:\/\/www.gonzaloanaya.com\/wp-content\/uploads\/2024\/10\/assemblea_horitzontal.jpg 1280w\" sizes=\"(max-width: 1024px) 100vw, 1024px\" \/><\/figure>\n","protected":false},"excerpt":{"rendered":"<p>Rub\u00e9n Pacheco: \u201cTodo es un anuncio, propaganda para limpiar la imagen de un gobierno que no protege el valenciano y a cambio quiere regalar t\u00edtulos sin el rigor y las normas que fijan las directrices europeas\u201d. La Asamblea General acord\u00f3 rechazar la mal llamada Ley de Libertad Educativa y; unirse a las acciones y movilizaciones que luchan por el futuro del valenciano y para garantizar que nuestras hijas y nuestros hijos al acabar la ESO est\u00e9n capacitados para utilizar el valenciano, oralmente y por escrito, en igualdad con el castellano, tal como regula la LUEV. Val\u00e8ncia. 07\/10\/2024. La Asamblea General de la Confederaci\u00f3n Gonzalo Anaya se reuni\u00f3 el pasado s\u00e1bado 5 de octubre, en la sede de Caixa Popular en Paterna, para fijar las l\u00edneas de acci\u00f3n del mandato 2024-2025, de entre las cuales se encuentra la protecci\u00f3n del valenciano en la ense\u00f1anza, base de la identidad de la cultura valenciana; finalidad fundacional en los estatutos de la entidad que agrupa a FAMPA-Val\u00e8ncia, FAMPA Castell\u00f3 Penyagolosa y FAMPA Enric Valor Alacant, con 1106 AMPA\/AFA censadas. Es por esta raz\u00f3n que las compromisarias y los compromisarios, reunidas acordaron explicar en las AMPA\/AFA y a las familias que expedir certificados C1 con [&hellip;]<\/p>\n","protected":false},"author":5,"featured_media":11527,"comment_status":"closed","ping_status":"closed","sticky":false,"template":"","format":"standard","meta":[],"categories":[54],"tags":[],"yoast_head":"<!-- This site is optimized with the Yoast SEO plugin v19.2 - https:\/\/yoast.com\/wordpress\/plugins\/seo\/ -->\n<title>La Confederaci\u00f3n Gonzalo Anaya advierte las AMPA que el C1 de valenciano es una \u201cfarsa\u201d de Rovira y Maz\u00f3n | Gonzalo Anaya<\/title>\n<meta name=\"robots\" content=\"index, follow, max-snippet:-1, max-image-preview:large, max-video-preview:-1\" \/>\n<link rel=\"canonical\" href=\"https:\/\/www.gonzaloanaya.com\/es\/2024\/10\/11\/la-confederacion-gonzalo-anaya-advierte-las-ampa-que-el-c1-de-valenciano-es-una-farsa-de-rovira-y-mazon\/\" \/>\n<meta property=\"og:locale\" content=\"es_ES\" \/>\n<meta property=\"og:type\" content=\"article\" \/>\n<meta property=\"og:title\" content=\"La Confederaci\u00f3n Gonzalo Anaya advierte las AMPA que el C1 de valenciano es una \u201cfarsa\u201d de Rovira y Maz\u00f3n | Gonzalo Anaya\" \/>\n<meta property=\"og:description\" content=\"Rub\u00e9n Pacheco: \u201cTodo es un anuncio, propaganda para limpiar la imagen de un gobierno que no protege el valenciano y a cambio quiere regalar t\u00edtulos sin el rigor y las normas que fijan las directrices europeas\u201d. La Asamblea General acord\u00f3 rechazar la mal llamada Ley de Libertad Educativa y; unirse a las acciones y movilizaciones que luchan por el futuro del valenciano y para garantizar que nuestras hijas y nuestros hijos al acabar la ESO est\u00e9n capacitados para utilizar el valenciano, oralmente y por escrito, en igualdad con el castellano, tal como regula la LUEV. Val\u00e8ncia. 07\/10\/2024. La Asamblea General de la Confederaci\u00f3n Gonzalo Anaya se reuni\u00f3 el pasado s\u00e1bado 5 de octubre, en la sede de Caixa Popular en Paterna, para fijar las l\u00edneas de acci\u00f3n del mandato 2024-2025, de entre las cuales se encuentra la protecci\u00f3n del valenciano en la ense\u00f1anza, base de la identidad de la cultura valenciana; finalidad fundacional en los estatutos de la entidad que agrupa a FAMPA-Val\u00e8ncia, FAMPA Castell\u00f3 Penyagolosa y FAMPA Enric Valor Alacant, con 1106 AMPA\/AFA censadas. Es por esta raz\u00f3n que las compromisarias y los compromisarios, reunidas acordaron explicar en las AMPA\/AFA y a las familias que expedir certificados C1 con [&hellip;]\" \/>\n<meta property=\"og:url\" content=\"https:\/\/www.gonzaloanaya.com\/es\/2024\/10\/11\/la-confederacion-gonzalo-anaya-advierte-las-ampa-que-el-c1-de-valenciano-es-una-farsa-de-rovira-y-mazon\/\" \/>\n<meta property=\"og:site_name\" content=\"Gonzalo Anaya\" \/>\n<meta property=\"article:publisher\" content=\"https:\/\/www.facebook.com\/confederacio.gonzaloanaya\" \/>\n<meta property=\"article:published_time\" content=\"2024-10-11T07:01:07+00:00\" \/>\n<meta property=\"article:modified_time\" content=\"2024-10-11T07:01:12+00:00\" \/>\n<meta property=\"og:image\" content=\"https:\/\/www.gonzaloanaya.com\/wp-content\/uploads\/2024\/10\/photo_2024-10-07_08-41-59.jpg\" \/>\n\t<meta property=\"og:image:width\" content=\"960\" \/>\n\t<meta property=\"og:image:height\" content=\"1280\" \/>\n\t<meta property=\"og:image:type\" content=\"image\/jpeg\" \/>\n<meta name=\"author\" content=\"Gonzalo Anaya\" \/>\n<meta name=\"twitter:card\" content=\"summary\" \/>\n<meta name=\"twitter:label1\" content=\"Escrito por\" \/>\n\t<meta name=\"twitter:data1\" content=\"Gonzalo Anaya\" \/>\n\t<meta name=\"twitter:label2\" content=\"Tiempo de lectura\" \/>\n\t<meta name=\"twitter:data2\" content=\"3 minutos\" \/>\n<script type=\"application\/ld+json\" class=\"yoast-schema-graph\">{\"@context\":\"https:\/\/schema.org\",\"@graph\":[{\"@type\":\"WebSite\",\"@id\":\"https:\/\/www.gonzaloanaya.com\/es\/#website\",\"url\":\"https:\/\/www.gonzaloanaya.com\/es\/\",\"name\":\"Gonzalo Anaya\",\"description\":\"Confederaci\u00f3n de Asociaciones de Padres y Madres de Alumnos de la Comunidad Valenciana \\\"Gonzalo Anaya\\\" \",\"potentialAction\":[{\"@type\":\"SearchAction\",\"target\":{\"@type\":\"EntryPoint\",\"urlTemplate\":\"https:\/\/www.gonzaloanaya.com\/es\/?s={search_term_string}\"},\"query-input\":\"required name=search_term_string\"}],\"inLanguage\":\"es\"},{\"@type\":\"ImageObject\",\"inLanguage\":\"es\",\"@id\":\"https:\/\/www.gonzaloanaya.com\/es\/2024\/10\/11\/la-confederacion-gonzalo-anaya-advierte-las-ampa-que-el-c1-de-valenciano-es-una-farsa-de-rovira-y-mazon\/#primaryimage\",\"url\":\"http:\/\/www.gonzaloanaya.com\/wp-content\/uploads\/2024\/10\/photo_2024-10-07_08-41-59.jpg\",\"contentUrl\":\"http:\/\/www.gonzaloanaya.com\/wp-content\/uploads\/2024\/10\/photo_2024-10-07_08-41-59.jpg\",\"width\":960,\"height\":1280},{\"@type\":\"WebPage\",\"@id\":\"https:\/\/www.gonzaloanaya.com\/es\/2024\/10\/11\/la-confederacion-gonzalo-anaya-advierte-las-ampa-que-el-c1-de-valenciano-es-una-farsa-de-rovira-y-mazon\/#webpage\",\"url\":\"https:\/\/www.gonzaloanaya.com\/es\/2024\/10\/11\/la-confederacion-gonzalo-anaya-advierte-las-ampa-que-el-c1-de-valenciano-es-una-farsa-de-rovira-y-mazon\/\",\"name\":\"La Confederaci\u00f3n Gonzalo Anaya advierte las AMPA que el C1 de valenciano es una \u201cfarsa\u201d de Rovira y Maz\u00f3n | Gonzalo Anaya\",\"isPartOf\":{\"@id\":\"https:\/\/www.gonzaloanaya.com\/es\/#website\"},\"primaryImageOfPage\":{\"@id\":\"https:\/\/www.gonzaloanaya.com\/es\/2024\/10\/11\/la-confederacion-gonzalo-anaya-advierte-las-ampa-que-el-c1-de-valenciano-es-una-farsa-de-rovira-y-mazon\/#primaryimage\"},\"datePublished\":\"2024-10-11T07:01:07+00:00\",\"dateModified\":\"2024-10-11T07:01:12+00:00\",\"author\":{\"@id\":\"https:\/\/www.gonzaloanaya.com\/es\/#\/schema\/person\/d8c15b9dc3faa865aedb2546bd9f80b8\"},\"breadcrumb\":{\"@id\":\"https:\/\/www.gonzaloanaya.com\/es\/2024\/10\/11\/la-confederacion-gonzalo-anaya-advierte-las-ampa-que-el-c1-de-valenciano-es-una-farsa-de-rovira-y-mazon\/#breadcrumb\"},\"inLanguage\":\"es\",\"potentialAction\":[{\"@type\":\"ReadAction\",\"target\":[\"https:\/\/www.gonzaloanaya.com\/es\/2024\/10\/11\/la-confederacion-gonzalo-anaya-advierte-las-ampa-que-el-c1-de-valenciano-es-una-farsa-de-rovira-y-mazon\/\"]}]},{\"@type\":\"BreadcrumbList\",\"@id\":\"https:\/\/www.gonzaloanaya.com\/es\/2024\/10\/11\/la-confederacion-gonzalo-anaya-advierte-las-ampa-que-el-c1-de-valenciano-es-una-farsa-de-rovira-y-mazon\/#breadcrumb\",\"itemListElement\":[{\"@type\":\"ListItem\",\"position\":1,\"name\":\"Inici\",\"item\":\"https:\/\/www.gonzaloanaya.com\/es\/\"},{\"@type\":\"ListItem\",\"position\":2,\"name\":\"La Confederaci\u00f3n Gonzalo Anaya advierte las AMPA que el C1 de valenciano es una \u201cfarsa\u201d de Rovira y Maz\u00f3n\"}]},{\"@type\":\"Person\",\"@id\":\"https:\/\/www.gonzaloanaya.com\/es\/#\/schema\/person\/d8c15b9dc3faa865aedb2546bd9f80b8\",\"name\":\"Gonzalo Anaya\",\"image\":{\"@type\":\"ImageObject\",\"inLanguage\":\"es\",\"@id\":\"https:\/\/www.gonzaloanaya.com\/es\/#\/schema\/person\/image\/\",\"url\":\"http:\/\/0.gravatar.com\/avatar\/f76811ed77bbc23341618522f4177145?s=96&d=mm&r=g\",\"contentUrl\":\"http:\/\/0.gravatar.com\/avatar\/f76811ed77bbc23341618522f4177145?s=96&d=mm&r=g\",\"caption\":\"Gonzalo Anaya\"},\"sameAs\":[\"http:\/\/www.gonzaloanaya.com\"],\"url\":\"http:\/\/www.gonzaloanaya.com\/es\/author\/gonzalo-anaya\/\"}]}<\/script>\n<!-- \/ Yoast SEO plugin. -->","yoast_head_json":{"title":"La Confederaci\u00f3n Gonzalo Anaya advierte las AMPA que el C1 de valenciano es una \u201cfarsa\u201d de Rovira y Maz\u00f3n | Gonzalo Anaya","robots":{"index":"index","follow":"follow","max-snippet":"max-snippet:-1","max-image-preview":"max-image-preview:large","max-video-preview":"max-video-preview:-1"},"canonical":"https:\/\/www.gonzaloanaya.com\/es\/2024\/10\/11\/la-confederacion-gonzalo-anaya-advierte-las-ampa-que-el-c1-de-valenciano-es-una-farsa-de-rovira-y-mazon\/","og_locale":"es_ES","og_type":"article","og_title":"La Confederaci\u00f3n Gonzalo Anaya advierte las AMPA que el C1 de valenciano es una \u201cfarsa\u201d de Rovira y Maz\u00f3n | Gonzalo Anaya","og_description":"Rub\u00e9n Pacheco: \u201cTodo es un anuncio, propaganda para limpiar la imagen de un gobierno que no protege el valenciano y a cambio quiere regalar t\u00edtulos sin el rigor y las normas que fijan las directrices europeas\u201d. La Asamblea General acord\u00f3 rechazar la mal llamada Ley de Libertad Educativa y; unirse a las acciones y movilizaciones que luchan por el futuro del valenciano y para garantizar que nuestras hijas y nuestros hijos al acabar la ESO est\u00e9n capacitados para utilizar el valenciano, oralmente y por escrito, en igualdad con el castellano, tal como regula la LUEV. Val\u00e8ncia. 07\/10\/2024. La Asamblea General de la Confederaci\u00f3n Gonzalo Anaya se reuni\u00f3 el pasado s\u00e1bado 5 de octubre, en la sede de Caixa Popular en Paterna, para fijar las l\u00edneas de acci\u00f3n del mandato 2024-2025, de entre las cuales se encuentra la protecci\u00f3n del valenciano en la ense\u00f1anza, base de la identidad de la cultura valenciana; finalidad fundacional en los estatutos de la entidad que agrupa a FAMPA-Val\u00e8ncia, FAMPA Castell\u00f3 Penyagolosa y FAMPA Enric Valor Alacant, con 1106 AMPA\/AFA censadas. Es por esta raz\u00f3n que las compromisarias y los compromisarios, reunidas acordaron explicar en las AMPA\/AFA y a las familias que expedir certificados C1 con [&hellip;]","og_url":"https:\/\/www.gonzaloanaya.com\/es\/2024\/10\/11\/la-confederacion-gonzalo-anaya-advierte-las-ampa-que-el-c1-de-valenciano-es-una-farsa-de-rovira-y-mazon\/","og_site_name":"Gonzalo Anaya","article_publisher":"https:\/\/www.facebook.com\/confederacio.gonzaloanaya","article_published_time":"2024-10-11T07:01:07+00:00","article_modified_time":"2024-10-11T07:01:12+00:00","og_image":[{"width":960,"height":1280,"url":"https:\/\/www.gonzaloanaya.com\/wp-content\/uploads\/2024\/10\/photo_2024-10-07_08-41-59.jpg","type":"image\/jpeg"}],"author":"Gonzalo Anaya","twitter_card":"summary","twitter_misc":{"Escrito por":"Gonzalo Anaya","Tiempo de lectura":"3 minutos"},"schema":{"@context":"https:\/\/schema.org","@graph":[{"@type":"WebSite","@id":"https:\/\/www.gonzaloanaya.com\/es\/#website","url":"https:\/\/www.gonzaloanaya.com\/es\/","name":"Gonzalo Anaya","description":"Confederaci\u00f3n de Asociaciones de Padres y Madres de Alumnos de la Comunidad Valenciana \"Gonzalo Anaya\" ","potentialAction":[{"@type":"SearchAction","target":{"@type":"EntryPoint","urlTemplate":"https:\/\/www.gonzaloanaya.com\/es\/?s={search_term_string}"},"query-input":"required name=search_term_string"}],"inLanguage":"es"},{"@type":"ImageObject","inLanguage":"es","@id":"https:\/\/www.gonzaloanaya.com\/es\/2024\/10\/11\/la-confederacion-gonzalo-anaya-advierte-las-ampa-que-el-c1-de-valenciano-es-una-farsa-de-rovira-y-mazon\/#primaryimage","url":"http:\/\/www.gonzaloanaya.com\/wp-content\/uploads\/2024\/10\/photo_2024-10-07_08-41-59.jpg","contentUrl":"http:\/\/www.gonzaloanaya.com\/wp-content\/uploads\/2024\/10\/photo_2024-10-07_08-41-59.jpg","width":960,"height":1280},{"@type":"WebPage","@id":"https:\/\/www.gonzaloanaya.com\/es\/2024\/10\/11\/la-confederacion-gonzalo-anaya-advierte-las-ampa-que-el-c1-de-valenciano-es-una-farsa-de-rovira-y-mazon\/#webpage","url":"https:\/\/www.gonzaloanaya.com\/es\/2024\/10\/11\/la-confederacion-gonzalo-anaya-advierte-las-ampa-que-el-c1-de-valenciano-es-una-farsa-de-rovira-y-mazon\/","name":"La Confederaci\u00f3n Gonzalo Anaya advierte las AMPA que el C1 de valenciano es una \u201cfarsa\u201d de Rovira y Maz\u00f3n | Gonzalo Anaya","isPartOf":{"@id":"https:\/\/www.gonzaloanaya.com\/es\/#website"},"primaryImageOfPage":{"@id":"https:\/\/www.gonzaloanaya.com\/es\/2024\/10\/11\/la-confederacion-gonzalo-anaya-advierte-las-ampa-que-el-c1-de-valenciano-es-una-farsa-de-rovira-y-mazon\/#primaryimage"},"datePublished":"2024-10-11T07:01:07+00:00","dateModified":"2024-10-11T07:01:12+00:00","author":{"@id":"https:\/\/www.gonzaloanaya.com\/es\/#\/schema\/person\/d8c15b9dc3faa865aedb2546bd9f80b8"},"breadcrumb":{"@id":"https:\/\/www.gonzaloanaya.com\/es\/2024\/10\/11\/la-confederacion-gonzalo-anaya-advierte-las-ampa-que-el-c1-de-valenciano-es-una-farsa-de-rovira-y-mazon\/#breadcrumb"},"inLanguage":"es","potentialAction":[{"@type":"ReadAction","target":["https:\/\/www.gonzaloanaya.com\/es\/2024\/10\/11\/la-confederacion-gonzalo-anaya-advierte-las-ampa-que-el-c1-de-valenciano-es-una-farsa-de-rovira-y-mazon\/"]}]},{"@type":"BreadcrumbList","@id":"https:\/\/www.gonzaloanaya.com\/es\/2024\/10\/11\/la-confederacion-gonzalo-anaya-advierte-las-ampa-que-el-c1-de-valenciano-es-una-farsa-de-rovira-y-mazon\/#breadcrumb","itemListElement":[{"@type":"ListItem","position":1,"name":"Inici","item":"https:\/\/www.gonzaloanaya.com\/es\/"},{"@type":"ListItem","position":2,"name":"La Confederaci\u00f3n Gonzalo Anaya advierte las AMPA que el C1 de valenciano es una \u201cfarsa\u201d de Rovira y Maz\u00f3n"}]},{"@type":"Person","@id":"https:\/\/www.gonzaloanaya.com\/es\/#\/schema\/person\/d8c15b9dc3faa865aedb2546bd9f80b8","name":"Gonzalo Anaya","image":{"@type":"ImageObject","inLanguage":"es","@id":"https:\/\/www.gonzaloanaya.com\/es\/#\/schema\/person\/image\/","url":"http:\/\/0.gravatar.com\/avatar\/f76811ed77bbc23341618522f4177145?s=96&d=mm&r=g","contentUrl":"http:\/\/0.gravatar.com\/avatar\/f76811ed77bbc23341618522f4177145?s=96&d=mm&r=g","caption":"Gonzalo Anaya"},"sameAs":["http:\/\/www.gonzaloanaya.com"],"url":"http:\/\/www.gonzaloanaya.com\/es\/author\/gonzalo-anaya\/"}]}},"_links":{"self":[{"href":"http:\/\/www.gonzaloanaya.com\/es\/wp-json\/wp\/v2\/posts\/11532"}],"collection":[{"href":"http:\/\/www.gonzaloanaya.com\/es\/wp-json\/wp\/v2\/posts"}],"about":[{"href":"http:\/\/www.gonzaloanaya.com\/es\/wp-json\/wp\/v2\/types\/post"}],"author":[{"embeddable":true,"href":"http:\/\/www.gonzaloanaya.com\/es\/wp-json\/wp\/v2\/users\/5"}],"replies":[{"embeddable":true,"href":"http:\/\/www.gonzaloanaya.com\/es\/wp-json\/wp\/v2\/comments?post=11532"}],"version-history":[{"count":2,"href":"http:\/\/www.gonzaloanaya.com\/es\/wp-json\/wp\/v2\/posts\/11532\/revisions"}],"predecessor-version":[{"id":11534,"href":"http:\/\/www.gonzaloanaya.com\/es\/wp-json\/wp\/v2\/posts\/11532\/revisions\/11534"}],"wp:featuredmedia":[{"embeddable":true,"href":"http:\/\/www.gonzaloanaya.com\/es\/wp-json\/wp\/v2\/media\/11527"}],"wp:attachment":[{"href":"http:\/\/www.gonzaloanaya.com\/es\/wp-json\/wp\/v2\/media?parent=11532"}],"wp:term":[{"taxonomy":"category","embeddable":true,"href":"http:\/\/www.gonzaloanaya.com\/es\/wp-json\/wp\/v2\/categories?post=11532"},{"taxonomy":"post_tag","embeddable":true,"href":"http:\/\/www.gonzaloanaya.com\/es\/wp-json\/wp\/v2\/tags?post=11532"}],"curies":[{"name":"wp","href":"https:\/\/api.w.org\/{rel}","templated":true}]}}